{"id":20023,"date":"2014-05-13T23:04:40","date_gmt":"2014-05-14T04:04:40","guid":{"rendered":"http:\/\/www.ambiente.gob.ec\/?p=20023"},"modified":"2014-05-13T23:04:40","modified_gmt":"2014-05-14T04:04:40","slug":"ministra-lorena-tapia-recorrio-junto-a-vicepresidente-glas-la-planta-recypet-continental-de-enkador-s-a","status":"publish","type":"post","link":"https:\/\/www.ambienteyenergia.gob.ec\/ambiente\/ministra-lorena-tapia-recorrio-junto-a-vicepresidente-glas-la-planta-recypet-continental-de-enkador-s-a\/","title":{"rendered":"Ministra Lorena Tapia recorri\u00f3 junto a Vicepresidente Glas la Planta Recypet Continental de Enkador S.A"},"content":{"rendered":"<p style=\"text-align: justify;\">Con el fin de promover el trabajo conjunto entre el sector p\u00fablico y la empresa privada, la Ministra del Ambiente, Lorena Tapia realiz\u00f3 un recorrido junto al Vicepresidente del Ecuador,\u00a0 Jorge Glas, por la Planta Recypet Continental de Enkador S.A, ubicada en Sangolqu\u00ed, en el Valle de los Chillos.<\/p>\n<p style=\"text-align: justify;\">Carlos Mario Saldarriaga, Gerente General de Enkador, en su intervenci\u00f3n agradeci\u00f3 la presencia de las autoridades y asegur\u00f3 que la empresa se preocupa no solo por la parte ambiental sino por el sector social.<\/p>\n<p style=\"text-align: justify;\">Enkador es una empresa pionera en la inclusi\u00f3n del material reciclado de PET como parte de nuevos procesos industriales, los mismos que son comercializados en el mercado nacional e internacional. Para ello, se ha enfocado en la instalaci\u00f3n de centros de acopio certificados para la devoluci\u00f3n del impuesto redimible a las botellas de pl\u00e1stico a nivel nacional, brindando de esta manera, acceso directo a los peque\u00f1os recicladores con un consecuente incremento en sus ingresos por la eliminaci\u00f3n de los intermediarios.<\/p>\n<p style=\"text-align: justify;\">En ese sentido, la Ministra Tapia, asever\u00f3 que \u00abEnkador ha posicionado el tema del reciclaje de una forma muy importante,\u00a0 con una visi\u00f3n de sostenibilidad ambiental,\u00a0social y econ\u00f3mica\u00bb. Asimismo, afirm\u00f3 que este tipo de procesos han permitido mejorar la calidad de vida de los recicladores, incorporando puntos de acopio, certificaciones e incentivos de impuesto redimible.<\/p>\n<p style=\"text-align: justify;\">Por esta raz\u00f3n, el Ministerio del Ambiente (MAE), a trav\u00e9s de la Ministra Lorena Tapia, entreg\u00f3 un reconocimiento en nombre del Gobierno Nacional \u00a0por \u00a0su valioso trabajo\u00a0 y por su gran aporte a la cadena productiva del pa\u00eds, que busca construir un Ecuador m\u00e1s verde, m\u00e1s limpio y m\u00e1s sano.<\/p>\n<p style=\"text-align: justify;\">\u00abReconocemos ese esfuerzo, ese compromiso e invitamos a que m\u00e1s empresas se sumen a esta visi\u00f3n de sostenibilidad desde el punto de vista empresarial y que este certificado sea un est\u00edmulo para seguir generando mejores pr\u00e1cticas ambientales\u00bb, ratific\u00f3 la M\u00e1xima Autoridad Ambiental.<\/p>\n<p>Por su parte, el Vicepresidente Glas expres\u00f3 su satisfacci\u00f3n en lo que se refiere al proceso de cambio de matriz productiva en el pa\u00eds. \u00abSe reduce importaciones, aumenta exportaciones, genera gran cantidad de mano de obra, involucra a la econom\u00eda popular y solidaria, y aumenta el valor agregado nacional. \u00c9sta empresa es uno de los m\u00e1s fuertes ejemplos de cambio de matriz productiva, en una sola empresa en un solo encadenamiento, y todav\u00eda, hay que avanzar mucho m\u00e1s en la cadena de valor. As\u00ed que, felicitaciones a los trabajadores, administradores e inversionistas y gracias por estar comprometidos con este proceso de desarrollo dentro de esta revoluci\u00f3n ciudadana\u00bb, recalc\u00f3.<\/p>\n","protected":false},"excerpt":{"rendered":"<p class=\"excerpt\">Con el fin de promover el trabajo conjunto entre el sector p\u00fablico y la empresa privada, la Ministra del Ambiente, Lorena Tapia realiz\u00f3 un recorrido junto al Vicepresidente del Ecuador,\u00a0 Jorge Glas, por la Planta Recypet Continental de Enkador S.A, ubicada en Sangolqu\u00ed, en el Valle de los Chillos. Carlos Mario Saldarriaga, Gerente General de Enkador, en su intervenci\u00f3n agradeci\u00f3&hellip; <a href=\"https:\/\/www.ambienteyenergia.gob.ec\/ambiente\/ministra-lorena-tapia-recorrio-junto-a-vicepresidente-glas-la-planta-recypet-continental-de-enkador-s-a\/\">Read more &rarr;<\/a><\/p>\n","protected":false},"author":13,"featured_media":20025,"comment_status":"open","ping_status":"open","sticky":false,"template":"","format":"standard","meta":{"footnotes":""},"categories":[16,4,10],"tags":[],"class_list":["post-20023","post","type-post","status-publish","format-standard","has-post-thumbnail","hentry","category-comunicamos","category-noticias","category-noticias-destacadas","xfolkentry"],"_links":{"self":[{"href":"https:\/\/www.ambienteyenergia.gob.ec\/ambiente\/wp-json\/wp\/v2\/posts\/20023","targetHints":{"allow":["GET"]}}],"collection":[{"href":"https:\/\/www.ambienteyenergia.gob.ec\/ambiente\/wp-json\/wp\/v2\/posts"}],"about":[{"href":"https:\/\/www.ambienteyenergia.gob.ec\/ambiente\/wp-json\/wp\/v2\/types\/post"}],"author":[{"embeddable":true,"href":"https:\/\/www.ambienteyenergia.gob.ec\/ambiente\/wp-json\/wp\/v2\/users\/13"}],"replies":[{"embeddable":true,"href":"https:\/\/www.ambienteyenergia.gob.ec\/ambiente\/wp-json\/wp\/v2\/comments?post=20023"}],"version-history":[{"count":0,"href":"https:\/\/www.ambienteyenergia.gob.ec\/ambiente\/wp-json\/wp\/v2\/posts\/20023\/revisions"}],"wp:featuredmedia":[{"embeddable":true,"href":"https:\/\/www.ambienteyenergia.gob.ec\/ambiente\/wp-json\/wp\/v2\/media\/20025"}],"wp:attachment":[{"href":"https:\/\/www.ambienteyenergia.gob.ec\/ambiente\/wp-json\/wp\/v2\/media?parent=20023"}],"wp:term":[{"taxonomy":"category","embeddable":true,"href":"https:\/\/www.ambienteyenergia.gob.ec\/ambiente\/wp-json\/wp\/v2\/categories?post=20023"},{"taxonomy":"post_tag","embeddable":true,"href":"https:\/\/www.ambienteyenergia.gob.ec\/ambiente\/wp-json\/wp\/v2\/tags?post=20023"}],"curies":[{"name":"wp","href":"https:\/\/api.w.org\/{rel}","templated":true}]}}