{"id":20019,"date":"2014-05-13T22:45:16","date_gmt":"2014-05-14T03:45:16","guid":{"rendered":"http:\/\/www.ambiente.gob.ec\/?p=20019"},"modified":"2014-05-13T22:45:26","modified_gmt":"2014-05-14T03:45:26","slug":"mae-fortalece-cooperacion-con-pnudgef-en-beneficio-del-ecuador","status":"publish","type":"post","link":"https:\/\/www.ambienteyenergia.gob.ec\/ambiente\/mae-fortalece-cooperacion-con-pnudgef-en-beneficio-del-ecuador\/","title":{"rendered":"MAE fortalece cooperaci\u00f3n con PNUD\/GEF en beneficio del Ecuador"},"content":{"rendered":"<p style=\"text-align: justify;\">Hoy, la Ministra de Ambiente Lorena Tapia, se reuni\u00f3 con los representantes del Programa de las Naciones Unidas para el Desarrollo (PNUD\/GEF) con el objetivo de revisar la sexta reposici\u00f3n del GEF y los servicios alrededor de los requerimientos y lineamientos del pa\u00eds, en el marco de la cooperaci\u00f3n internacional, en cumplimiento de las pol\u00edticas del Estado ecuatoriano, normas internacionales y sistemas nacionales.<\/p>\n<p style=\"text-align: justify;\">Los ejes de trabajo durante la reuni\u00f3n se enmarcaron en temas referentes a Cambio Clim\u00e1tico, Biodiversidad, Energ\u00eda y Calidad Ambiental con el prop\u00f3sito de generar compromisos de trabajo y l\u00edneas de ejecuci\u00f3n, tanto a nivel institucional como a nivel social. Dentro de las actividades que el Ministerio lleva a cabo a nivel nacional, actualmente se encuentra el posicionamiento de esta Cartera de Estado frente al Cambio de la matriz productiva, gesti\u00f3n en recursos gen\u00e9ticos, Plan Cero Mercurio e Iniciativas sobre reducci\u00f3n de emisiones y avances sobre Cambio Clim\u00e1tico\u201d, enfatiz\u00f3 la ministra Tapia.<\/p>\n<p style=\"text-align: justify;\">Por su parte Helen Negret, Asesora T\u00e9cnica Regional Senior GEF\/PNUD, ratific\u00f3 el inter\u00e9s de la agencia en apoyo a los procesos nacionales en material ambiental definiendo las iniciativas existentes como \u00abvanguardistas\u00bb y donde el MAE cuenta con un alto liderazgo. Las actividades implementadas por PNUD en Ecuador por medio de esta Cartera de Estado, se relacionan con el proyecto de especies invasoras, de vida silvestre y manejo de paisajes, sostenibilidad financiera en \u00e1reas protegidas y Estrategia Nacional de biodiversidad y BIOFIN.<\/p>\n<p style=\"text-align: justify;\">Esta actividad se realiz\u00f3 en el marco de la pr\u00f3xima celebraci\u00f3n de la V Asamblea del GEF, a realizarse entre el 27 y 30 de mayo en Canc\u00fan, M\u00e9xico. Este congreso tiene la finalidad de ayudar a identificar acciones concretas para enfrentar desaf\u00edos y objetivos sustentables comunes, siendo este espacio una \u00fanica oportunidad para discutir los desaf\u00edos ambientales globales, crear alianzas y activar inversiones estrat\u00e9gicas a soluciones para dirigirse a aquellos qui\u00e9nes conducen a la degradaci\u00f3n ambiental global.<\/p>\n<p style=\"text-align: justify;\">Esta Cartera de Estado, con el objetivo de cumplir con el Plan Nacional del Buen Vivir, por medio del mejoramiento de la calidad ambiental promueve alianzas estrat\u00e9gicas para favorecer los principios de procesos ambientales sustentables a nivel ciudadano y social.<\/p>\n<p style=\"text-align: justify;\"><strong>Lineas de trabajo:<\/strong><\/p>\n<p style=\"text-align: justify;\">Cambio clim\u00e1tico<br \/>\n&#8211;\u00a0\u00a0 \u00a0Proyecto \u201d Adaptaci\u00f3n al Cambio Clim\u00e1tico a trav\u00e9s de una efectiva gobernabilidad del Agua en Ecuador \u2013 PACC\u201d<br \/>\n&#8211;\u00a0\u00a0 \u00a0Programa Nacional Conjunto ONU REDD<br \/>\n&#8211;\u00a0\u00a0 \u00a0Proyecto \u00abFomento de Capacidades en Mitigaci\u00f3n al Cambio Clim\u00e1tico en Ecuador &#8211; FOCAM\u00bb<br \/>\n&#8211;\u00a0\u00a0 \u00a0Tercera Comunicaci\u00f3n Nacional de Cambio Clim\u00e1tico<br \/>\n&#8211;\u00a0\u00a0 \u00a0Asesoramiento continuo Iniciativa Yasun\u00ed ITT<\/p>\n<p>Biodiversidad<br \/>\n&#8211;\u00a0\u00a0 \u00a0Quinta Fase Programa de Peque\u00f1as Donaciones (PPD)<br \/>\n&#8211;\u00a0\u00a0 \u00a0Programa Sostenibilidad Financiera en \u00c1reas Protegidas<br \/>\n&#8211;\u00a0\u00a0 \u00a0Actualizaci\u00f3n de la Estrategia Nacional de Biodiversidad (CBD 2011-2020) y de su Plan Estrat\u00e9gico.<br \/>\n&#8211;\u00a0\u00a0 \u00a0Programa Global de Financiamiento para la Biodiversidad (BIOFIN)<br \/>\n&#8211;\u00a0\u00a0 \u00a0Manejo de Paisajes para la Conservaci\u00f3n de la Vida Silvestre en el Ecuador<br \/>\n&#8211;\u00a0\u00a0 \u00a0Conservaci\u00f3n de diversidad de anfibios y uso sustentable de los Recursos Gen\u00e9ticos en el Ecuador (Protocolo de Nagoya)<br \/>\n&#8211;\u00a0\u00a0 \u00a0Cierre<br \/>\n&#8211;\u00a0\u00a0 \u00a0Proyecto Control de Especies Invasoras en el Archipi\u00e9lago de Gal\u00e1pagos<br \/>\n&#8211;\u00a0\u00a0 \u00a0Fondo para el Logro de los Objetivos del Desarrollo del Milenio &#8211; ODMs para la Reserva de Biosfera Yasun\u00ed<\/p>\n<p>Energ\u00eda<br \/>\n&#8211;\u00a0\u00a0 \u00a0Asegurar la eficiencia energ\u00e9tica en los sectores p\u00fablicos y residenciales de Ecuador (SECURE)<br \/>\n&#8211;\u00a0\u00a0 \u00a0Electrificaci\u00f3n con Energ\u00edas Renovables en zonas rurales aisladas del Ecuador<br \/>\n&#8211;\u00a0\u00a0 \u00a0Energ\u00eda Renovable para la Generaci\u00f3n de Energ\u00eda El\u00e9ctrica &#8211; ERGAL<br \/>\n&#8211;\u00a0\u00a0 \u00a0Energ\u00eda E\u00d3LICA en San Cristobal &#8211; Fotovolt\u00e1ica<\/p>\n<p>Calidad ambiental<br \/>\n&#8211;\u00a0\u00a0 \u00a0En la aplicaci\u00f3n al Convenio de Estocolmo y al Convenio de Montreal se identific\u00f3 los siguientes Proyectos:<br \/>\n&#8211;\u00a0\u00a0 \u00a0PPG Manejo Integrado y Ambientalmente sostenible de Bifenilos Policrorados en Ecuador<br \/>\n&#8211;\u00a0\u00a0 \u00a0Manejo de sustancias qu\u00edmicas y residuos peligrosos<br \/>\n&#8211;\u00a0\u00a0 \u00a0Cierre<br \/>\n&#8211;\u00a0\u00a0 \u00a0Enfoque Estrat\u00e9gico para la Gesti\u00f3n Internacional Productos Qu\u00edmicos (SAICM)<\/p>\n","protected":false},"excerpt":{"rendered":"<p class=\"excerpt\">Hoy, la Ministra de Ambiente Lorena Tapia, se reuni\u00f3 con los representantes del Programa de las Naciones Unidas para el Desarrollo (PNUD\/GEF) con el objetivo de revisar la sexta reposici\u00f3n del GEF y los servicios alrededor de los requerimientos y lineamientos del pa\u00eds, en el marco de la cooperaci\u00f3n internacional, en cumplimiento de las pol\u00edticas del Estado ecuatoriano, normas internacionales&hellip; <a href=\"https:\/\/www.ambienteyenergia.gob.ec\/ambiente\/mae-fortalece-cooperacion-con-pnudgef-en-beneficio-del-ecuador\/\">Read more &rarr;<\/a><\/p>\n","protected":false},"author":13,"featured_media":20020,"comment_status":"open","ping_status":"open","sticky":false,"template":"","format":"standard","meta":{"footnotes":""},"categories":[16,4],"tags":[],"class_list":["post-20019","post","type-post","status-publish","format-standard","has-post-thumbnail","hentry","category-comunicamos","category-noticias","xfolkentry"],"_links":{"self":[{"href":"https:\/\/www.ambienteyenergia.gob.ec\/ambiente\/wp-json\/wp\/v2\/posts\/20019","targetHints":{"allow":["GET"]}}],"collection":[{"href":"https:\/\/www.ambienteyenergia.gob.ec\/ambiente\/wp-json\/wp\/v2\/posts"}],"about":[{"href":"https:\/\/www.ambienteyenergia.gob.ec\/ambiente\/wp-json\/wp\/v2\/types\/post"}],"author":[{"embeddable":true,"href":"https:\/\/www.ambienteyenergia.gob.ec\/ambiente\/wp-json\/wp\/v2\/users\/13"}],"replies":[{"embeddable":true,"href":"https:\/\/www.ambienteyenergia.gob.ec\/ambiente\/wp-json\/wp\/v2\/comments?post=20019"}],"version-history":[{"count":0,"href":"https:\/\/www.ambienteyenergia.gob.ec\/ambiente\/wp-json\/wp\/v2\/posts\/20019\/revisions"}],"wp:featuredmedia":[{"embeddable":true,"href":"https:\/\/www.ambienteyenergia.gob.ec\/ambiente\/wp-json\/wp\/v2\/media\/20020"}],"wp:attachment":[{"href":"https:\/\/www.ambienteyenergia.gob.ec\/ambiente\/wp-json\/wp\/v2\/media?parent=20019"}],"wp:term":[{"taxonomy":"category","embeddable":true,"href":"https:\/\/www.ambienteyenergia.gob.ec\/ambiente\/wp-json\/wp\/v2\/categories?post=20019"},{"taxonomy":"post_tag","embeddable":true,"href":"https:\/\/www.ambienteyenergia.gob.ec\/ambiente\/wp-json\/wp\/v2\/tags?post=20019"}],"curies":[{"name":"wp","href":"https:\/\/api.w.org\/{rel}","templated":true}]}}