{"id":20009,"date":"2014-05-13T10:31:57","date_gmt":"2014-05-13T15:31:57","guid":{"rendered":"http:\/\/www.ambiente.gob.ec\/?p=20009"},"modified":"2014-05-13T10:31:57","modified_gmt":"2014-05-13T15:31:57","slug":"mae-realiza-minga-de-limpieza-y-brigada-medica-en-estero-planqueado-guayaquil","status":"publish","type":"post","link":"https:\/\/www.ambienteyenergia.gob.ec\/ambiente\/mae-realiza-minga-de-limpieza-y-brigada-medica-en-estero-planqueado-guayaquil\/","title":{"rendered":"MAE realiza minga de limpieza y brigada m\u00e9dica en Estero Planqueado, Guayaquil"},"content":{"rendered":"<p style=\"text-align: justify;\">El Ministerio del Ambiente (MAE) en el marco de las actividades de recuperaci\u00f3n del Estero Salado, llev\u00f3 a cabo una minga de limpieza comunitaria, en el Estero Palanqueado, la misma que cont\u00f3 con la participaci\u00f3n de t\u00e9cnicos de esta Cartera de Estado, trabajadores de Puerto limpio, Visolit y comunidad en general.<\/p>\n<p>La jornada inici\u00f3 alrededor de las 09:00, una vez finalizada esta labor todos los desechos y maleza fueron trasladados de manera terrestre por camiones recolectores de Puerto limpio y de manera fluvial en embarcaciones de Visolit.<\/p>\n<p>Promotores ambientales instalaron una carpa de informaci\u00f3n donde se socializ\u00f3 a los asistentes las actividades que el proyecto Guayaquil Ecol\u00f3gico \u2013 Componente Estero Salado se encuentran ejecutando en las riberas del r\u00edo.<\/p>\n<p>Adem\u00e1s, el evento cont\u00f3 con la participaci\u00f3n de personal del Ministerio de Salud P\u00fablica (MSP), quienes brindaron atenci\u00f3n m\u00e9dica preventiva a quienes habitan en este sector, entregando medicinas, vitaminas, a m\u00e1s de la revisi\u00f3n de signos vitales y toma de pulso.<\/p>\n<p>Estas actividades forman parte de un cronograma previamente establecido que se ejecutar\u00e1 en varios sectores a lo largo del Estero Salado.<\/p>\n","protected":false},"excerpt":{"rendered":"<p class=\"excerpt\">El Ministerio del Ambiente (MAE) en el marco de las actividades de recuperaci\u00f3n del Estero Salado, llev\u00f3 a cabo una minga de limpieza comunitaria, en el Estero Palanqueado, la misma que cont\u00f3 con la participaci\u00f3n de t\u00e9cnicos de esta Cartera de Estado, trabajadores de Puerto limpio, Visolit y comunidad en general. La jornada inici\u00f3 alrededor de las 09:00, una vez&hellip; <a href=\"https:\/\/www.ambienteyenergia.gob.ec\/ambiente\/mae-realiza-minga-de-limpieza-y-brigada-medica-en-estero-planqueado-guayaquil\/\">Read more &rarr;<\/a><\/p>\n","protected":false},"author":13,"featured_media":20010,"comment_status":"open","ping_status":"open","sticky":false,"template":"","format":"standard","meta":{"footnotes":""},"categories":[16,4],"tags":[],"class_list":["post-20009","post","type-post","status-publish","format-standard","has-post-thumbnail","hentry","category-comunicamos","category-noticias","xfolkentry"],"_links":{"self":[{"href":"https:\/\/www.ambienteyenergia.gob.ec\/ambiente\/wp-json\/wp\/v2\/posts\/20009","targetHints":{"allow":["GET"]}}],"collection":[{"href":"https:\/\/www.ambienteyenergia.gob.ec\/ambiente\/wp-json\/wp\/v2\/posts"}],"about":[{"href":"https:\/\/www.ambienteyenergia.gob.ec\/ambiente\/wp-json\/wp\/v2\/types\/post"}],"author":[{"embeddable":true,"href":"https:\/\/www.ambienteyenergia.gob.ec\/ambiente\/wp-json\/wp\/v2\/users\/13"}],"replies":[{"embeddable":true,"href":"https:\/\/www.ambienteyenergia.gob.ec\/ambiente\/wp-json\/wp\/v2\/comments?post=20009"}],"version-history":[{"count":0,"href":"https:\/\/www.ambienteyenergia.gob.ec\/ambiente\/wp-json\/wp\/v2\/posts\/20009\/revisions"}],"wp:featuredmedia":[{"embeddable":true,"href":"https:\/\/www.ambienteyenergia.gob.ec\/ambiente\/wp-json\/wp\/v2\/media\/20010"}],"wp:attachment":[{"href":"https:\/\/www.ambienteyenergia.gob.ec\/ambiente\/wp-json\/wp\/v2\/media?parent=20009"}],"wp:term":[{"taxonomy":"category","embeddable":true,"href":"https:\/\/www.ambienteyenergia.gob.ec\/ambiente\/wp-json\/wp\/v2\/categories?post=20009"},{"taxonomy":"post_tag","embeddable":true,"href":"https:\/\/www.ambienteyenergia.gob.ec\/ambiente\/wp-json\/wp\/v2\/tags?post=20009"}],"curies":[{"name":"wp","href":"https:\/\/api.w.org\/{rel}","templated":true}]}}