{"id":20006,"date":"2014-05-13T08:49:57","date_gmt":"2014-05-13T13:49:57","guid":{"rendered":"http:\/\/www.ambiente.gob.ec\/?p=20006"},"modified":"2014-05-13T08:49:57","modified_gmt":"2014-05-13T13:49:57","slug":"condor-es-investigado-con-equipos-de-telemetria-en-imbabura","status":"publish","type":"post","link":"https:\/\/www.ambienteyenergia.gob.ec\/ambiente\/condor-es-investigado-con-equipos-de-telemetria-en-imbabura\/","title":{"rendered":"C\u00f3ndor es investigado con equipos de telemetr\u00eda en Imbabura"},"content":{"rendered":"<p style=\"text-align: justify;\">El Ministerio del Ambiente, a trav\u00e9s de la Direcci\u00f3n Provincial del Ambiente de Imbabura, realiz\u00f3 el seguimiento del c\u00f3ndor macho capturado, el pasado 22 de abril, en la Unidad de Manejo Parque C\u00f3ndor con la finalidad de verificar su estado de salud y recuperaci\u00f3n de sus habilidades para volar y alimentarse.<\/p>\n<p>En la visita participaron el Dr. Hern\u00e1n Vargas del Proyecto C\u00f3ndor; Dr. Andr\u00e9s Ortega, Veterinario de la Universidad de San Francisco de Quito; Dr. Andr\u00e9s P\u00e9rez, Radi\u00f3logo; Jozef Hendriks, Representante Unidad de Manejo Parque C\u00f3ndor e Ing. Patricio Semanate, del grupo especializado en manejo de c\u00f3ndores, quienes verificaron el estado actual del c\u00f3ndor, el cual present\u00f3, al momento de su captura, una fisura en el pico.<\/p>\n<p>El grupo inform\u00f3 que este joven esp\u00e9cimen est\u00e1 totalmente recuperado de su afectaci\u00f3n, aunque su peso se encuentra bajo el nivel recomendado, por lo que se sugiri\u00f3 controlar su alimentaci\u00f3n mientras se encuentra en cautiverio para que pueda recuperar el peso adecuado para volar y alimentarse por si solo.<\/p>\n<p>Con este antecedente, se procedi\u00f3 a instalar equipos de telemetr\u00eda para monitorear, en la zona norte, los movimientos que desarrollar\u00e1 en el futuro esta especie. Se planifica su liberaci\u00f3n para el pr\u00f3ximo 19 de mayo, dependiendo del estado clim\u00e1tico, con la presencia de comunidades, instituciones y medios de comunicaci\u00f3n.<\/p>\n<p>El MAE monitorea permanentemente a este esp\u00e9cimen para precautelar su salud y recuperaci\u00f3n para que pueda ser liberado conforme lo establecido en el cronograma de liberaci\u00f3n.<\/p>\n","protected":false},"excerpt":{"rendered":"<p class=\"excerpt\">El Ministerio del Ambiente, a trav\u00e9s de la Direcci\u00f3n Provincial del Ambiente de Imbabura, realiz\u00f3 el seguimiento del c\u00f3ndor macho capturado, el pasado 22 de abril, en la Unidad de Manejo Parque C\u00f3ndor con la finalidad de verificar su estado de salud y recuperaci\u00f3n de sus habilidades para volar y alimentarse. En la visita participaron el Dr. Hern\u00e1n Vargas del&hellip; <a href=\"https:\/\/www.ambienteyenergia.gob.ec\/ambiente\/condor-es-investigado-con-equipos-de-telemetria-en-imbabura\/\">Read more &rarr;<\/a><\/p>\n","protected":false},"author":13,"featured_media":20007,"comment_status":"open","ping_status":"open","sticky":false,"template":"","format":"standard","meta":{"footnotes":""},"categories":[16,4],"tags":[],"class_list":["post-20006","post","type-post","status-publish","format-standard","has-post-thumbnail","hentry","category-comunicamos","category-noticias","xfolkentry"],"_links":{"self":[{"href":"https:\/\/www.ambienteyenergia.gob.ec\/ambiente\/wp-json\/wp\/v2\/posts\/20006","targetHints":{"allow":["GET"]}}],"collection":[{"href":"https:\/\/www.ambienteyenergia.gob.ec\/ambiente\/wp-json\/wp\/v2\/posts"}],"about":[{"href":"https:\/\/www.ambienteyenergia.gob.ec\/ambiente\/wp-json\/wp\/v2\/types\/post"}],"author":[{"embeddable":true,"href":"https:\/\/www.ambienteyenergia.gob.ec\/ambiente\/wp-json\/wp\/v2\/users\/13"}],"replies":[{"embeddable":true,"href":"https:\/\/www.ambienteyenergia.gob.ec\/ambiente\/wp-json\/wp\/v2\/comments?post=20006"}],"version-history":[{"count":0,"href":"https:\/\/www.ambienteyenergia.gob.ec\/ambiente\/wp-json\/wp\/v2\/posts\/20006\/revisions"}],"wp:featuredmedia":[{"embeddable":true,"href":"https:\/\/www.ambienteyenergia.gob.ec\/ambiente\/wp-json\/wp\/v2\/media\/20007"}],"wp:attachment":[{"href":"https:\/\/www.ambienteyenergia.gob.ec\/ambiente\/wp-json\/wp\/v2\/media?parent=20006"}],"wp:term":[{"taxonomy":"category","embeddable":true,"href":"https:\/\/www.ambienteyenergia.gob.ec\/ambiente\/wp-json\/wp\/v2\/categories?post=20006"},{"taxonomy":"post_tag","embeddable":true,"href":"https:\/\/www.ambienteyenergia.gob.ec\/ambiente\/wp-json\/wp\/v2\/tags?post=20006"}],"curies":[{"name":"wp","href":"https:\/\/api.w.org\/{rel}","templated":true}]}}