{"id":19991,"date":"2014-05-12T16:45:35","date_gmt":"2014-05-12T21:45:35","guid":{"rendered":"http:\/\/www.ambiente.gob.ec\/?p=19991"},"modified":"2014-05-12T19:35:48","modified_gmt":"2014-05-13T00:35:48","slug":"mae-realizo-charla-ambiental-en-estero-planqueado","status":"publish","type":"post","link":"https:\/\/www.ambienteyenergia.gob.ec\/ambiente\/mae-realizo-charla-ambiental-en-estero-planqueado\/","title":{"rendered":"MAE realiz\u00f3 charla ambiental en Estero Palanqueado"},"content":{"rendered":"<p style=\"text-align: justify;\">Con el objetivo de difundir las diferentes acciones que el Ministerio del Ambiente ejecuta como parte de la estrategia de educaci\u00f3n ambiental y social, se realiz\u00f3 una charla ambiental en las calles 17 y la H en el Estero Palanqueado, provincia de Guayas.<\/p>\n<p style=\"text-align: justify;\">En el evento participaron un total de 64 personas que aprendieron m\u00e1s sobre el correcto manejo de los desechos s\u00f3lidos, reciclaje, protecci\u00f3n y cuidado del estero, conciencia ecol\u00f3gica, entre otros.<\/p>\n<p style=\"text-align: justify;\">Los temas fueron socializados con los moradores de este sector quienes mostraron agrado y establecieron un compromiso con el proyecto que busca la recuperaci\u00f3n del Estero.<\/p>\n<p style=\"text-align: justify;\">El MAE, como principal autoridad ambiental del pa\u00eds, fomenta este tipo de actividades que son de gran importancia, pues contribuyen con la educaci\u00f3n ecol\u00f3gica en el pa\u00eds.<\/p>\n","protected":false},"excerpt":{"rendered":"<p class=\"excerpt\">Con el objetivo de difundir las diferentes acciones que el Ministerio del Ambiente ejecuta como parte de la estrategia de educaci\u00f3n ambiental y social, se realiz\u00f3 una charla ambiental en las calles 17 y la H en el Estero Palanqueado, provincia de Guayas. En el evento participaron un total de 64 personas que aprendieron m\u00e1s sobre el correcto manejo de&hellip; <a href=\"https:\/\/www.ambienteyenergia.gob.ec\/ambiente\/mae-realizo-charla-ambiental-en-estero-planqueado\/\">Read more &rarr;<\/a><\/p>\n","protected":false},"author":13,"featured_media":19992,"comment_status":"open","ping_status":"open","sticky":false,"template":"","format":"standard","meta":{"footnotes":""},"categories":[16,4],"tags":[],"class_list":["post-19991","post","type-post","status-publish","format-standard","has-post-thumbnail","hentry","category-comunicamos","category-noticias","xfolkentry"],"_links":{"self":[{"href":"https:\/\/www.ambienteyenergia.gob.ec\/ambiente\/wp-json\/wp\/v2\/posts\/19991","targetHints":{"allow":["GET"]}}],"collection":[{"href":"https:\/\/www.ambienteyenergia.gob.ec\/ambiente\/wp-json\/wp\/v2\/posts"}],"about":[{"href":"https:\/\/www.ambienteyenergia.gob.ec\/ambiente\/wp-json\/wp\/v2\/types\/post"}],"author":[{"embeddable":true,"href":"https:\/\/www.ambienteyenergia.gob.ec\/ambiente\/wp-json\/wp\/v2\/users\/13"}],"replies":[{"embeddable":true,"href":"https:\/\/www.ambienteyenergia.gob.ec\/ambiente\/wp-json\/wp\/v2\/comments?post=19991"}],"version-history":[{"count":0,"href":"https:\/\/www.ambienteyenergia.gob.ec\/ambiente\/wp-json\/wp\/v2\/posts\/19991\/revisions"}],"wp:featuredmedia":[{"embeddable":true,"href":"https:\/\/www.ambienteyenergia.gob.ec\/ambiente\/wp-json\/wp\/v2\/media\/19992"}],"wp:attachment":[{"href":"https:\/\/www.ambienteyenergia.gob.ec\/ambiente\/wp-json\/wp\/v2\/media?parent=19991"}],"wp:term":[{"taxonomy":"category","embeddable":true,"href":"https:\/\/www.ambienteyenergia.gob.ec\/ambiente\/wp-json\/wp\/v2\/categories?post=19991"},{"taxonomy":"post_tag","embeddable":true,"href":"https:\/\/www.ambienteyenergia.gob.ec\/ambiente\/wp-json\/wp\/v2\/tags?post=19991"}],"curies":[{"name":"wp","href":"https:\/\/api.w.org\/{rel}","templated":true}]}}