{"id":19986,"date":"2014-05-12T16:39:40","date_gmt":"2014-05-12T21:39:40","guid":{"rendered":"http:\/\/www.ambiente.gob.ec\/?p=19986"},"modified":"2014-06-06T13:25:16","modified_gmt":"2014-06-06T18:25:16","slug":"mae-gradua-a-21-promotores-socia-ambientales-en-julcuy-manabi","status":"publish","type":"post","link":"https:\/\/www.ambienteyenergia.gob.ec\/ambiente\/mae-gradua-a-21-promotores-socia-ambientales-en-julcuy-manabi\/","title":{"rendered":"MAE grad\u00faa a 21 promotores socioambientales en Julcuy, Manab\u00ed"},"content":{"rendered":"<p style=\"text-align: justify;\">El Ministerio del Ambiente (MAE), a trav\u00e9s de la Direcci\u00f3n Provincial del Ambiente de Manab\u00ed realiz\u00f3 la clausura de la primera fase de los Ecotalleres, con la incorporaci\u00f3n de 21 Promotores Ambientales comunitarios de la parroquia Julcuy del cant\u00f3n Jipijapa.<\/p>\n<p>El proceso de formaci\u00f3n de los promotores ambientales, tuvo una duraci\u00f3n de 80 horas y estuvo a cargo de la Escuela Superior Polit\u00e9cnica del Ejercito (ESPE). Los talleres buscan crear conciencia, impartir conocimientos, desarrollar habilidades y asumir compromisos ciudadanos con el ambiente en cada una de sus territorios,\u00a0 donde existe una concentraci\u00f3n alta de biodiversidad y abundantes cuerpos de agua.<\/p>\n<p>El verdadero reto est\u00e1 en manos de los l\u00edderes ciudadanos y comunitarios, quienes luego de interpretar las caracter\u00edsticas del contexto en el que interact\u00faan, basados en su realidad, tendr\u00e1n que aplicar los instrumentos aprendidos para emprender ejercicios pr\u00e1cticos de prevenci\u00f3n, remediaci\u00f3n y mitigaci\u00f3n de los da\u00f1os ambientales, as\u00ed como la preservaci\u00f3n de la naturaleza.<\/p>\n<p>Las jornadas de trabajo tuvieron como objetivo brindar herramientas para enfrentar los problemas que suceden cerca de las viviendas de los participantes, as\u00ed como de sus barrios, adem\u00e1s de ayudar a identificar dificultades socio ambientales que tienen impacto en la salud, alimentaci\u00f3n y actividades productivas.<\/p>\n<p>Marcos Chilan, habitante de la parroquia expres\u00f3 que la capacitaci\u00f3n que recibieron de parte del MAE, les va a ser de mucha ayuda. \u201cDesde ahora trabajaremos en nuestras casas los sus familiares en los problemas socio ambientales\u201d, asegur\u00f3.<\/p>\n<p>Salom\u00f3n Ligua, presidente de la Junta parroquial, destac\u00f3 que el \u00e9xito del promotor ambiental se relaciona con sus habilidades para representar a su comunidad, recoger sus demandas y necesidades, aportando a gestionarlas en bien del desarrollo com\u00fan.<\/p>\n<p>Toda acci\u00f3n encaminada a generar alternativas de vida sostenibles, debe parte de la realidad que se desea trasformar. Las personas que viven en las parroquias son quienes conocen la realidad local e identifican f\u00e1cilmente sus problemas socio-ambientales.<\/p>\n","protected":false},"excerpt":{"rendered":"<p class=\"excerpt\">El Ministerio del Ambiente (MAE), a trav\u00e9s de la Direcci\u00f3n Provincial del Ambiente de Manab\u00ed realiz\u00f3 la clausura de la primera fase de los Ecotalleres, con la incorporaci\u00f3n de 21 Promotores Ambientales comunitarios de la parroquia Julcuy del cant\u00f3n Jipijapa. El proceso de formaci\u00f3n de los promotores ambientales, tuvo una duraci\u00f3n de 80 horas y estuvo a cargo de la&hellip; <a href=\"https:\/\/www.ambienteyenergia.gob.ec\/ambiente\/mae-gradua-a-21-promotores-socia-ambientales-en-julcuy-manabi\/\">Read more &rarr;<\/a><\/p>\n","protected":false},"author":13,"featured_media":19987,"comment_status":"open","ping_status":"open","sticky":false,"template":"","format":"standard","meta":{"footnotes":""},"categories":[16,4],"tags":[],"class_list":["post-19986","post","type-post","status-publish","format-standard","has-post-thumbnail","hentry","category-comunicamos","category-noticias","xfolkentry"],"_links":{"self":[{"href":"https:\/\/www.ambienteyenergia.gob.ec\/ambiente\/wp-json\/wp\/v2\/posts\/19986","targetHints":{"allow":["GET"]}}],"collection":[{"href":"https:\/\/www.ambienteyenergia.gob.ec\/ambiente\/wp-json\/wp\/v2\/posts"}],"about":[{"href":"https:\/\/www.ambienteyenergia.gob.ec\/ambiente\/wp-json\/wp\/v2\/types\/post"}],"author":[{"embeddable":true,"href":"https:\/\/www.ambienteyenergia.gob.ec\/ambiente\/wp-json\/wp\/v2\/users\/13"}],"replies":[{"embeddable":true,"href":"https:\/\/www.ambienteyenergia.gob.ec\/ambiente\/wp-json\/wp\/v2\/comments?post=19986"}],"version-history":[{"count":0,"href":"https:\/\/www.ambienteyenergia.gob.ec\/ambiente\/wp-json\/wp\/v2\/posts\/19986\/revisions"}],"wp:featuredmedia":[{"embeddable":true,"href":"https:\/\/www.ambienteyenergia.gob.ec\/ambiente\/wp-json\/wp\/v2\/media\/19987"}],"wp:attachment":[{"href":"https:\/\/www.ambienteyenergia.gob.ec\/ambiente\/wp-json\/wp\/v2\/media?parent=19986"}],"wp:term":[{"taxonomy":"category","embeddable":true,"href":"https:\/\/www.ambienteyenergia.gob.ec\/ambiente\/wp-json\/wp\/v2\/categories?post=19986"},{"taxonomy":"post_tag","embeddable":true,"href":"https:\/\/www.ambienteyenergia.gob.ec\/ambiente\/wp-json\/wp\/v2\/tags?post=19986"}],"curies":[{"name":"wp","href":"https:\/\/api.w.org\/{rel}","templated":true}]}}