{"id":19982,"date":"2014-05-12T16:31:41","date_gmt":"2014-05-12T21:31:41","guid":{"rendered":"http:\/\/www.ambiente.gob.ec\/?p=19982"},"modified":"2014-05-12T19:41:32","modified_gmt":"2014-05-13T00:41:32","slug":"20-comuneros-de-sto-domingo-de-los-tsachilas-fueron-capacitados-sobre-manejo-de-recursos-hidricos","status":"publish","type":"post","link":"https:\/\/www.ambienteyenergia.gob.ec\/ambiente\/20-comuneros-de-sto-domingo-de-los-tsachilas-fueron-capacitados-sobre-manejo-de-recursos-hidricos\/","title":{"rendered":"20 comuneros de Sto. Domingo de los Ts\u00e1chilas fueron capacitados sobre manejo de recursos h\u00eddricos"},"content":{"rendered":"<p>El Ministerio del Ambiente (MAE) realiz\u00f3 dos charlas dirigidas a alrededor de 20 comuneros sobre la importancia de los recursos h\u00eddricos y el rol fundamental que tienen para el ser humano. La capacitaci\u00f3n se desarroll\u00f3, el pasado 8 de mayo, en la Casa Comunal del recinto La Uni\u00f3n perteneciente a la parroquia rural de Puerto Lim\u00f3n en la provincia de Santo Domingo de los Ts\u00e1chilas.<\/p>\n<p>Como parte de esta actividad, se proyect\u00f3 un documental para luego dar paso a la exposici\u00f3n de t\u00e9cnicos de la Unidad de Patrimonio Natural del MAE. Asimismo, la Fundaci\u00f3n de Desarrollo y Servicio Comunitario \u201cVertiente de Vida\u201d aport\u00f3 con conocimientos y se comprometi\u00f3 a seguir brindando asesor\u00eda t\u00e9cnica en Agroecolog\u00eda a la zona rural.<\/p>\n<p>Los comuneros asistentes reflexionaron y se interesaron por aprender sobre temas como la contaminaci\u00f3n ambiental, \u00e1reas naturales protegidas, agroforester\u00eda y recursos h\u00eddricos. Adicionalmente, t\u00e9cnicos de la Direcci\u00f3n Provincial del Ambiente de Santo Domingo de los Ts\u00e1chilas aprovecharon este importante espacio para promover el Plan Nacional de Restauraci\u00f3n del MAE\u00a0 y\u00a0 el D\u00eda Mundial de las Aves Migratorias.<\/p>\n<p>Al finalizar la jornada de aprendizaje, los participantes se comprometieron a trabajar voluntariamente motivando a amigos y familiares a reducir la Huella Ecol\u00f3gica y de esta manera proteger el planeta tierra.<\/p>\n<p>De la misma manera, felicitaron a esta Cartera de Estado por este tipo de iniciativas e instaron a seguir impartiendo charlas, conferencias y foros, en los que se traten temas ambientales, forestales y de biodiversidad.<\/p>\n<p>&nbsp;<\/p>\n<p>&nbsp;<\/p>\n","protected":false},"excerpt":{"rendered":"<p class=\"excerpt\">El Ministerio del Ambiente (MAE) realiz\u00f3 dos charlas dirigidas a alrededor de 20 comuneros sobre la importancia de los recursos h\u00eddricos y el rol fundamental que tienen para el ser humano. La capacitaci\u00f3n se desarroll\u00f3, el pasado 8 de mayo, en la Casa Comunal del recinto La Uni\u00f3n perteneciente a la parroquia rural de Puerto Lim\u00f3n en la provincia de&hellip; <a href=\"https:\/\/www.ambienteyenergia.gob.ec\/ambiente\/20-comuneros-de-sto-domingo-de-los-tsachilas-fueron-capacitados-sobre-manejo-de-recursos-hidricos\/\">Read more &rarr;<\/a><\/p>\n","protected":false},"author":13,"featured_media":19984,"comment_status":"open","ping_status":"open","sticky":false,"template":"","format":"standard","meta":{"footnotes":""},"categories":[16,4],"tags":[],"class_list":["post-19982","post","type-post","status-publish","format-standard","has-post-thumbnail","hentry","category-comunicamos","category-noticias","xfolkentry"],"_links":{"self":[{"href":"https:\/\/www.ambienteyenergia.gob.ec\/ambiente\/wp-json\/wp\/v2\/posts\/19982","targetHints":{"allow":["GET"]}}],"collection":[{"href":"https:\/\/www.ambienteyenergia.gob.ec\/ambiente\/wp-json\/wp\/v2\/posts"}],"about":[{"href":"https:\/\/www.ambienteyenergia.gob.ec\/ambiente\/wp-json\/wp\/v2\/types\/post"}],"author":[{"embeddable":true,"href":"https:\/\/www.ambienteyenergia.gob.ec\/ambiente\/wp-json\/wp\/v2\/users\/13"}],"replies":[{"embeddable":true,"href":"https:\/\/www.ambienteyenergia.gob.ec\/ambiente\/wp-json\/wp\/v2\/comments?post=19982"}],"version-history":[{"count":0,"href":"https:\/\/www.ambienteyenergia.gob.ec\/ambiente\/wp-json\/wp\/v2\/posts\/19982\/revisions"}],"wp:featuredmedia":[{"embeddable":true,"href":"https:\/\/www.ambienteyenergia.gob.ec\/ambiente\/wp-json\/wp\/v2\/media\/19984"}],"wp:attachment":[{"href":"https:\/\/www.ambienteyenergia.gob.ec\/ambiente\/wp-json\/wp\/v2\/media?parent=19982"}],"wp:term":[{"taxonomy":"category","embeddable":true,"href":"https:\/\/www.ambienteyenergia.gob.ec\/ambiente\/wp-json\/wp\/v2\/categories?post=19982"},{"taxonomy":"post_tag","embeddable":true,"href":"https:\/\/www.ambienteyenergia.gob.ec\/ambiente\/wp-json\/wp\/v2\/tags?post=19982"}],"curies":[{"name":"wp","href":"https:\/\/api.w.org\/{rel}","templated":true}]}}