{"id":19978,"date":"2014-05-12T16:21:41","date_gmt":"2014-05-12T21:21:41","guid":{"rendered":"http:\/\/www.ambiente.gob.ec\/?p=19978"},"modified":"2014-05-12T19:56:10","modified_gmt":"2014-05-13T00:56:10","slug":"dia-mundial-de-aves-migratorias-mae-realiza-conversatorio-sobre-su-cuidado","status":"publish","type":"post","link":"https:\/\/www.ambienteyenergia.gob.ec\/ambiente\/dia-mundial-de-aves-migratorias-mae-realiza-conversatorio-sobre-su-cuidado\/","title":{"rendered":"D\u00eda Mundial de Aves Migratorias: MAE realiza conversatorio sobre su cuidado"},"content":{"rendered":"<p style=\"text-align: justify;\">Hoy, en el marco de la conmemoraci\u00f3n del D\u00eda Mundial de las Aves Migratorias que se celebr\u00f3 el pasado 10 y 11 de mayo, el Ministerio del Ambiente realiz\u00f3 una visita de avistamiento a la Ecoruta Kuri Pishku \u201cP\u00e1jaro de Oro\u201d, ubicada en las provincias de Cotopaxi y Tungurahua.<\/p>\n<p style=\"text-align: justify;\">Durante el acto de inauguraci\u00f3n, y con la presencia de funcionarios y representantes de organismos del sector ambiental, el Director Nacional Biodiversidad del MAE,\u00a0 Francisco Prieto, resalt\u00f3 la decisi\u00f3n de esta Cartera de Estado para conservar y recuperar el h\u00e1bitat de estas especies.<\/p>\n<p style=\"text-align: justify;\">Al conversatorio que se realiz\u00f3 en la Junta Parroquial de R\u00edo Verde asistieron,adem\u00e1s, representantes de la organizaci\u00f3n internacional Birdlife, que tiene base en m\u00e1s de 120 pa\u00edses y que ejecuta programas enfocados a las aves; y del organismo no gubernamental Aves y Conservaci\u00f3n.<\/p>\n<p style=\"text-align: justify;\">En ese sentido, el MAE propone la conservaci\u00f3n de estas especies con una estrategia transversal de cuidado del patrimonio natural, como espacios de vida de la alta biodiversidad y recursos naturales del Ecuador. Dentro de las acciones de dicha estrategia constan, por ejemplo, el mantenimiento de las 49 \u00e1reas del Sistema Nacional de \u00c1reas Protegidas.\u00a0Seg\u00fan estad\u00edsticas de esta dependencia, en el 2013 se invirtieron USD 20 millones en la transformaci\u00f3n y mantenimiento de dichos espacios.<\/p>\n<p style=\"text-align: justify;\">Entre las actividades de esta inversi\u00f3n constan el aumento de guardaparques que fomenten el monitoreo de la vida animal como las aves migratorias; y el mejoramiento de la infraestructura que promueva la visita de turistas nacionales y extranjeros quienes pueden realizar actividades como el avistamiento de aves.<\/p>\n<p style=\"text-align: justify;\">En el \u00e1mbito forestal, el MAE ha implementado el programa de incentivos \u00a0Socio Bosque, el cual impulsa el mantenimiento de bosques y paramos, lugares en los cuales habitan especies de todo tipo y aves migratorias.<\/p>\n<p style=\"text-align: justify;\">En \u00e1mbito internacional, el pa\u00eds es signatario de la Convenci\u00f3n sobre la Conservaci\u00f3n de las Especies Migratorias de Animales Silvestres desde el pasado 6 de enero del 2004. Este tratado internacional fomenta el compromiso de alrededor de 120 pa\u00edses respecto a la conservaci\u00f3n de las especies migratorias y sus h\u00e1bitats. Dentro de los beneficios de la participaci\u00f3n del Ecuador, est\u00e1 la generaci\u00f3n de acuerdos internacionales conjuntos que faciliten investigaciones y estudios respecto a los animales migratorios silvestres.<\/p>\n<p style=\"text-align: justify;\">Otra de las acciones impulsadas por el MAE para la conservaci\u00f3n de aves y especies migratorias es su adhesi\u00f3n a la Convenci\u00f3n RAMSAR. Este acuerdo internacional busca apoyar el uso racional de los humedales, lugares que registran poblaciones de aves silvestres.<\/p>\n<p style=\"text-align: justify;\">El Ecuador como pa\u00eds megadiverso y en cumplimiento de la actual Constituci\u00f3n de la Rep\u00fablica, la cual reconoce los derechos de la naturaleza, gestiona un trabajo permanente a favor del mantenimiento de su abundante biodiversidad.<\/p>\n<p style=\"text-align: justify;\"><strong>Sab\u00edas que<\/strong><\/p>\n<p style=\"text-align: justify;\">\u2022\u00a0\u00a0 \u00a0Los humedales son h\u00e1bitats\u00a0 de las especies migratorias.<br \/>\n\u2022\u00a0\u00a0 \u00a0Ecuador cuenta con 18 sitios RAMSAR, el 86% de los mismos se encuentran en \u00e1reas protegidas.<br \/>\n\u2022\u00a0\u00a0 \u00a0Entre las amenazas de las aves migratorias cuentan \u00a0el crecimiento de la frontera agr\u00edcola, la deforestaci\u00f3n, la cacer\u00eda, la contaminaci\u00f3n, entre otros.<\/p>\n","protected":false},"excerpt":{"rendered":"<p class=\"excerpt\">Hoy, en el marco de la conmemoraci\u00f3n del D\u00eda Mundial de las Aves Migratorias que se celebr\u00f3 el pasado 10 y 11 de mayo, el Ministerio del Ambiente realiz\u00f3 una visita de avistamiento a la Ecoruta Kuri Pishku \u201cP\u00e1jaro de Oro\u201d, ubicada en las provincias de Cotopaxi y Tungurahua. Durante el acto de inauguraci\u00f3n, y con la presencia de funcionarios&hellip; <a href=\"https:\/\/www.ambienteyenergia.gob.ec\/ambiente\/dia-mundial-de-aves-migratorias-mae-realiza-conversatorio-sobre-su-cuidado\/\">Read more &rarr;<\/a><\/p>\n","protected":false},"author":13,"featured_media":19979,"comment_status":"open","ping_status":"open","sticky":false,"template":"","format":"standard","meta":{"footnotes":""},"categories":[16,4],"tags":[],"class_list":["post-19978","post","type-post","status-publish","format-standard","has-post-thumbnail","hentry","category-comunicamos","category-noticias","xfolkentry"],"_links":{"self":[{"href":"https:\/\/www.ambienteyenergia.gob.ec\/ambiente\/wp-json\/wp\/v2\/posts\/19978","targetHints":{"allow":["GET"]}}],"collection":[{"href":"https:\/\/www.ambienteyenergia.gob.ec\/ambiente\/wp-json\/wp\/v2\/posts"}],"about":[{"href":"https:\/\/www.ambienteyenergia.gob.ec\/ambiente\/wp-json\/wp\/v2\/types\/post"}],"author":[{"embeddable":true,"href":"https:\/\/www.ambienteyenergia.gob.ec\/ambiente\/wp-json\/wp\/v2\/users\/13"}],"replies":[{"embeddable":true,"href":"https:\/\/www.ambienteyenergia.gob.ec\/ambiente\/wp-json\/wp\/v2\/comments?post=19978"}],"version-history":[{"count":0,"href":"https:\/\/www.ambienteyenergia.gob.ec\/ambiente\/wp-json\/wp\/v2\/posts\/19978\/revisions"}],"wp:featuredmedia":[{"embeddable":true,"href":"https:\/\/www.ambienteyenergia.gob.ec\/ambiente\/wp-json\/wp\/v2\/media\/19979"}],"wp:attachment":[{"href":"https:\/\/www.ambienteyenergia.gob.ec\/ambiente\/wp-json\/wp\/v2\/media?parent=19978"}],"wp:term":[{"taxonomy":"category","embeddable":true,"href":"https:\/\/www.ambienteyenergia.gob.ec\/ambiente\/wp-json\/wp\/v2\/categories?post=19978"},{"taxonomy":"post_tag","embeddable":true,"href":"https:\/\/www.ambienteyenergia.gob.ec\/ambiente\/wp-json\/wp\/v2\/tags?post=19978"}],"curies":[{"name":"wp","href":"https:\/\/api.w.org\/{rel}","templated":true}]}}