{"id":19972,"date":"2014-05-12T14:32:51","date_gmt":"2014-05-12T19:32:51","guid":{"rendered":"http:\/\/www.ambiente.gob.ec\/?p=19972"},"modified":"2014-05-19T09:13:36","modified_gmt":"2014-05-19T14:13:36","slug":"mae-conmemoro-el-dia-mundial-de-las-aves-migratorias-con-actividades-de-educacion-ambiental","status":"publish","type":"post","link":"https:\/\/www.ambienteyenergia.gob.ec\/ambiente\/mae-conmemoro-el-dia-mundial-de-las-aves-migratorias-con-actividades-de-educacion-ambiental\/","title":{"rendered":"MAE conmemor\u00f3 el D\u00eda Mundial de las Aves Migratorias con actividades de educaci\u00f3n ambiental"},"content":{"rendered":"<p style=\"text-align: justify;\">Este 10 y 11 de mayo, se conmemor\u00f3 el D\u00eda Mundial de las Aves Migratorias con el fin de concienciar a la poblaci\u00f3n sobre la importancia de proteger a estas especies. La celebraci\u00f3n impulsada por el Programa de las Naciones Unidas para el Medio Ambiente (PNUMA) y BirdLife International, tuvo como prop\u00f3sito de unir a m\u00e1s personas e instituciones en la lucha por protegerlas y conservarlas.<\/p>\n<p style=\"text-align: justify;\">Este 2014 el tema fue \u201cDestino Rutas A\u00e9reas: Aves Migratorias y Turismo\u201d, pues se quer\u00eda destacar el v\u00ednculo existente entre la conservaci\u00f3n de las aves migratorias, el desarrollo de las comunidades locales y el turismo de observaci\u00f3n.<\/p>\n<p style=\"text-align: justify;\">En ese sentido, el Ministerio del Ambiente (MAE) celebr\u00f3 esta fecha con varias actividades de educaci\u00f3n ambiental en las diferentes provincias del pa\u00eds.<\/p>\n<p style=\"text-align: justify;\"><strong>Guayas<\/strong><\/p>\n<p style=\"text-align: justify;\">La Subsecretaria de Gesti\u00f3n Marina y Costera (SGMC), realiz\u00f3 el s\u00e1bado 10 de mayo, una charla informativa sobre las aves migratorias en Isla Santay, con el objetivo de concienciar a la sociedad sobre la necesidad de proteger los ecosistemas de las 1 800 aves migratorias presentes en el Ecuador, y a su vez, promover el desarrollo de las comunidades locales.<\/p>\n<p style=\"text-align: justify;\">Como parte de la jornada se efectuaron varios recorridos por los senderos naturales de la Isla, promoviendo de esta manera el turismo sostenible a lo largo de las rutas migratorias de las aves. Adem\u00e1s, se desarrollaron actividades l\u00fadicas e informativas incentivando la conservaci\u00f3n de sus ecosistemas.<\/p>\n<p style=\"text-align: justify;\"><strong>Napo<\/strong><\/p>\n<p style=\"text-align: justify;\">Por su parte, la Direcci\u00f3n Provincial del Ambiente de Napo en coordinaci\u00f3n con promotores ambientales comunitarios de Jatun Sumaco, ejecut\u00f3 varias actividades l\u00fadicas bajo el lema \u201cDestino Rutas A\u00e9reas: Aves Migratorias y Turismo\u201d, entre ellas, una dramatizaci\u00f3n dirigida a 43 alumnos de sexto y s\u00e9ptimo a\u00f1o de educaci\u00f3n b\u00e1sica de la escuela Almindariz, ubicada en la zona de influencia del Parque Nacional Sumaco Napo-Galeras. El prop\u00f3sito fue sensibilizar y motivar a los ni\u00f1os sobre la importancia de proteger a todas las aves y las otras especies silvestres que conviven en este gran ecosistema de bosque h\u00famedo tropical.<\/p>\n<p style=\"text-align: justify;\">\u00a0<strong>Tungurahua<\/strong><\/p>\n<p style=\"text-align: justify;\">La Direcci\u00f3n Provincial del Ambiente de Tungurahua tambi\u00e9n celebr\u00f3 esta fecha con un recorrido por la Ecoruta Kuri Pishku \u201cP\u00e1jaro de Oro\u201d, que tiene una extensi\u00f3n de 32 km y atraviesa cuatro cantones Salcedo y P\u00edllaro, en la provincia de Cotopaxi; y Patate y Ba\u00f1os, en Tungurahua. El evento se desarroll\u00f3 en R\u00edo Verde, en el cant\u00f3n Ba\u00f1os y cont\u00f3 con la participaci\u00f3n de autoridades locales y representantes del MAE, quienes transmitieron un mensaje de conservaci\u00f3n.<\/p>\n<p style=\"text-align: justify;\"><strong>Imbabura<\/strong><\/p>\n<p style=\"text-align: justify;\">Como parte de esta jornada, el pasado 10 de mayo, alrededor de 94 personas participaron de un recorrido por las lagunas de Yahuarcocha, ubicada en el cant\u00f3n Ibarra y Cuicocha en el cant\u00f3n Cotacachi, provincia de Imbabura. La finalidad fue sensibilizarlas sobre la importancia de proteger a las aves de la zona y sus h\u00e1bitats.<\/p>\n<p style=\"text-align: justify;\">Adicionalmente, el MAE organiz\u00f3 algunas rutas de observaci\u00f3n, programas educativos y conferencias sobre este tema, a las que asistieron estudiantes de la Unidad Educativa Juan Diego con su Club Ecol\u00f3gico, la Brigada Estudiantil del Colegio Nacional Urcuqui, la Asociaci\u00f3n de renta de lanchas y canoas de Yahuarcocha y la Empresa P\u00fablica Cotacachi.<\/p>\n<p style=\"text-align: justify;\"><strong>Azuay<\/strong><\/p>\n<p style=\"text-align: justify;\">Este s\u00e1bado 10 de Mayo, Azuay conmemor\u00f3 el D\u00eda Mundial de las Aves Migratorias, concienciando a alrededor de 60 personas en una jornada de educaci\u00f3n ambiental que se ejecut\u00f3 en varias zonas de la ciudad de Cuenca con el objetivo de dar a conocer la importancia que tienen las aves migratorias y el peligro que corren si no se protegen sus h\u00e1bitats.<\/p>\n<p><strong>Santo Domingo de los Ts\u00e1chilas<\/strong><\/p>\n<p style=\"text-align: justify;\">Santo Domingo de los Ts\u00e1chilas celebr\u00f3 el D\u00eda Mundial de las Aves Migratorias con un recorrido por uno de los senderos del Bosque Protector La Perla, en el que participaron j\u00f3venes voluntarios del Proyecto Servicio Civil Ciudadano, como parte de una campa\u00f1a de concienciaci\u00f3n liderada por el Ministerio del Ambiente (MAE), que busca la conservaci\u00f3n de estas especies y sus ecosistemas.<\/p>\n<p style=\"text-align: justify;\">En el evento t\u00e9cnicos del MAE realizaron una charla informativa denominada \u201cDestinos Rutas A\u00e9reas: Aves Migratorias y Turismo\u201d, en la que se enfatiz\u00f3 en la importancia que cumplen estas aves en la vida cotidiana de las comunidades locales y la generaci\u00f3n de turismo direccionado hacia la conservaci\u00f3n y desarrollo sostenible.<\/p>\n<p><strong>Cotopaxi<\/strong><\/p>\n<p style=\"text-align: justify;\">Con el fin de llevar un mensaje de protecci\u00f3n alineado con el turismo sustentable, se desarroll\u00f3 una charla referente a las Aves migratorias encontradas en el Parque Nacional Cotopaxi. \u00c9sta cont\u00f3 con la presencia de alumnos de la escuela \u201cAglomerados Cotopaxi\u201d, quienes con su alegr\u00eda y cooperaci\u00f3n aprendieron sobre los viajes estacionales regulares que realizan gran cantidad de especies de aves como respuesta a los cambios en la disponibilidad de alimentos, de h\u00e1bitat o clim\u00e1ticos.<\/p>\n<p style=\"text-align: justify;\">Despu\u00e9s de la realizaci\u00f3n del taller, el personal de la Direcci\u00f3n Provincial del Ambiente de Cotopaxi organiz\u00f3 una visita a la Laguna de Limpiopungo en el Parque Nacional Cotopaxi, donde los ni\u00f1os pudieron visualizar gaviotas, playeros, andarr\u00edos, entre otros.<\/p>\n<p style=\"text-align: justify;\"><strong>Manab\u00ed<\/strong><\/p>\n<p style=\"text-align: justify;\">La Direcci\u00f3n Provincial del Ambiente de Manab\u00ed organiz\u00f3 un evento con la participaci\u00f3n de funcionarios del Parque Nacional Machalilla, entidad regentada por el Ministerio del Ambiente, en el cual se expuso sobre las Rutas de Aviturismo en el sector, adem\u00e1s se realizaron presentaciones art\u00edsticas de danza y talusivas a las aves migratorias y un concurso sobre elaboraci\u00f3n de cuadros art\u00edsticos de aves representativas, donde participaron voluntarios del Servicio Civil Ciudadano, estudiantes de las Escuelas San Alejo, 31 de Agosto, Isidoro Barriga y Sindicato de Choferes.<\/p>\n<p style=\"text-align: justify;\">\u00a0<strong>Datos importantes<\/strong><\/p>\n<p style=\"text-align: justify;\">\u2022 En la actualidad las aves migratorias enfrentan amenazas importantes entre las principales est\u00e1n la destrucci\u00f3n y fragmentaci\u00f3n de los h\u00e1bitats. Por esta raz\u00f3n, el Ecuador es signatario del Convenio sobre Conservaci\u00f3n de las Especies Migratorias desde el 6 de enero del 2004, \u00e9ste tiene como finalidad contribuir a la conservaci\u00f3n de las especies terrestres, marinas y aviarias de animales migratorios a lo largo de su \u00e1rea de distribuci\u00f3n y el Ministerio de Ambiente del Ecuador est\u00e1 a cargo de implementarlo en el pa\u00eds.<\/p>\n<p style=\"text-align: justify;\">\u2022 El PNUMA, en el a\u00f1o 2005, declar\u00f3 la celebraci\u00f3n del D\u00eda Mundial de las Aves Migratorias al segundo fin de semana de mayo. La primera fecha tuvo lugar en el a\u00f1o 2006 en la que se resalt\u00f3 la importancia global de la misma.<\/p>\n<p>&nbsp;<\/p>\n","protected":false},"excerpt":{"rendered":"<p class=\"excerpt\">Este 10 y 11 de mayo, se conmemor\u00f3 el D\u00eda Mundial de las Aves Migratorias con el fin de concienciar a la poblaci\u00f3n sobre la importancia de proteger a estas especies. La celebraci\u00f3n impulsada por el Programa de las Naciones Unidas para el Medio Ambiente (PNUMA) y BirdLife International, tuvo como prop\u00f3sito de unir a m\u00e1s personas e instituciones en&hellip; <a href=\"https:\/\/www.ambienteyenergia.gob.ec\/ambiente\/mae-conmemoro-el-dia-mundial-de-las-aves-migratorias-con-actividades-de-educacion-ambiental\/\">Read more &rarr;<\/a><\/p>\n","protected":false},"author":13,"featured_media":19974,"comment_status":"open","ping_status":"open","sticky":false,"template":"","format":"standard","meta":{"footnotes":""},"categories":[16,4],"tags":[491,53,54],"class_list":["post-19972","post","type-post","status-publish","format-standard","has-post-thumbnail","hentry","category-comunicamos","category-noticias","tag-dia-mundial-de-las-aves-migratorias","tag-mae","tag-ministerio-del-ambiente","xfolkentry"],"_links":{"self":[{"href":"https:\/\/www.ambienteyenergia.gob.ec\/ambiente\/wp-json\/wp\/v2\/posts\/19972","targetHints":{"allow":["GET"]}}],"collection":[{"href":"https:\/\/www.ambienteyenergia.gob.ec\/ambiente\/wp-json\/wp\/v2\/posts"}],"about":[{"href":"https:\/\/www.ambienteyenergia.gob.ec\/ambiente\/wp-json\/wp\/v2\/types\/post"}],"author":[{"embeddable":true,"href":"https:\/\/www.ambienteyenergia.gob.ec\/ambiente\/wp-json\/wp\/v2\/users\/13"}],"replies":[{"embeddable":true,"href":"https:\/\/www.ambienteyenergia.gob.ec\/ambiente\/wp-json\/wp\/v2\/comments?post=19972"}],"version-history":[{"count":0,"href":"https:\/\/www.ambienteyenergia.gob.ec\/ambiente\/wp-json\/wp\/v2\/posts\/19972\/revisions"}],"wp:featuredmedia":[{"embeddable":true,"href":"https:\/\/www.ambienteyenergia.gob.ec\/ambiente\/wp-json\/wp\/v2\/media\/19974"}],"wp:attachment":[{"href":"https:\/\/www.ambienteyenergia.gob.ec\/ambiente\/wp-json\/wp\/v2\/media?parent=19972"}],"wp:term":[{"taxonomy":"category","embeddable":true,"href":"https:\/\/www.ambienteyenergia.gob.ec\/ambiente\/wp-json\/wp\/v2\/categories?post=19972"},{"taxonomy":"post_tag","embeddable":true,"href":"https:\/\/www.ambienteyenergia.gob.ec\/ambiente\/wp-json\/wp\/v2\/tags?post=19972"}],"curies":[{"name":"wp","href":"https:\/\/api.w.org\/{rel}","templated":true}]}}