{"id":19969,"date":"2014-05-12T14:03:52","date_gmt":"2014-05-12T19:03:52","guid":{"rendered":"http:\/\/www.ambiente.gob.ec\/?p=19969"},"modified":"2014-05-12T20:09:37","modified_gmt":"2014-05-13T01:09:37","slug":"coe-provincial-se-activa-ante-situacion-del-galapaface-i","status":"publish","type":"post","link":"https:\/\/www.ambienteyenergia.gob.ec\/ambiente\/coe-provincial-se-activa-ante-situacion-del-galapaface-i\/","title":{"rendered":"COE provincial se activa ante situaci\u00f3n del Galapaface I"},"content":{"rendered":"<p style=\"text-align: justify;\"><em>Las condiciones oceanogr\u00e1ficas perjudicaron la estabilizaci\u00f3n de la nave encallada.<\/em><\/p>\n<p style=\"text-align: justify;\">Esta ma\u00f1ana, el Comit\u00e9 de Operaciones de Emergencia (COE) de San Crist\u00f3bal evalu\u00f3 la situaci\u00f3n del barco Galapaface I, varado en Punta Carola, desde el pasado viernes, dado que las condiciones oceanogr\u00e1ficas presentes durante esta madrugada provocaron la inclinaci\u00f3n de la embarcaci\u00f3n hacia su lado izquierdo.<\/p>\n<p style=\"text-align: justify;\">La evaluaci\u00f3n determin\u00f3 que la situaci\u00f3n actual de la embarcaci\u00f3n amerita mayores esfuerzos por lo que se activ\u00f3 el COE a nivel provincial, presidido por el Gobernador, Jorge Torres, a fin de canalizar acciones regionales para el salvataje de la nave.<\/p>\n<p style=\"text-align: justify;\">El Ministerio del Ambiente, a trav\u00e9s de la Direcci\u00f3n del Parque Nacional Gal\u00e1pagos (DPNG), mantiene un monitoreo permanente en la zona del encallamiento para medir y mitigar las posibles afectaciones ambientales que se produjeran.<\/p>\n<p style=\"text-align: justify;\">Desde el d\u00eda del siniestro, los t\u00e9cnicos de la DPNG han colocado barreras de contenci\u00f3n de derrames y pa\u00f1os absorbentes de hidrocarburos alrededor de la nave para evitar la dispersi\u00f3n de cualquier producto que pudiera salir del barco. Otro grupo de funcionarios est\u00e1n inspeccionando las orillas para evaluar las condiciones de la zona.<\/p>\n<p style=\"text-align: justify;\">Al momento, la Sea Ranger 7 y Sea Ranger 3 (lanchas r\u00e1pidas), de la DPNG, se mantienen alrededor del Galapaface I, para asistir a la tripulaci\u00f3n de la nave ante cualquier necesidad.<\/p>\n","protected":false},"excerpt":{"rendered":"<p class=\"excerpt\">Las condiciones oceanogr\u00e1ficas perjudicaron la estabilizaci\u00f3n de la nave encallada. Esta ma\u00f1ana, el Comit\u00e9 de Operaciones de Emergencia (COE) de San Crist\u00f3bal evalu\u00f3 la situaci\u00f3n del barco Galapaface I, varado en Punta Carola, desde el pasado viernes, dado que las condiciones oceanogr\u00e1ficas presentes durante esta madrugada provocaron la inclinaci\u00f3n de la embarcaci\u00f3n hacia su lado izquierdo. La evaluaci\u00f3n determin\u00f3 que&hellip; <a href=\"https:\/\/www.ambienteyenergia.gob.ec\/ambiente\/coe-provincial-se-activa-ante-situacion-del-galapaface-i\/\">Read more &rarr;<\/a><\/p>\n","protected":false},"author":13,"featured_media":19970,"comment_status":"open","ping_status":"open","sticky":false,"template":"","format":"standard","meta":{"footnotes":""},"categories":[16,4],"tags":[495,494,492,197,108,53],"class_list":["post-19969","post","type-post","status-publish","format-standard","has-post-thumbnail","hentry","category-comunicamos","category-noticias","tag-coe","tag-direccion-parque-nacional-galapagos","tag-galapaface","tag-islas-galapagos","tag-lorena-tapia","tag-mae","xfolkentry"],"_links":{"self":[{"href":"https:\/\/www.ambienteyenergia.gob.ec\/ambiente\/wp-json\/wp\/v2\/posts\/19969","targetHints":{"allow":["GET"]}}],"collection":[{"href":"https:\/\/www.ambienteyenergia.gob.ec\/ambiente\/wp-json\/wp\/v2\/posts"}],"about":[{"href":"https:\/\/www.ambienteyenergia.gob.ec\/ambiente\/wp-json\/wp\/v2\/types\/post"}],"author":[{"embeddable":true,"href":"https:\/\/www.ambienteyenergia.gob.ec\/ambiente\/wp-json\/wp\/v2\/users\/13"}],"replies":[{"embeddable":true,"href":"https:\/\/www.ambienteyenergia.gob.ec\/ambiente\/wp-json\/wp\/v2\/comments?post=19969"}],"version-history":[{"count":0,"href":"https:\/\/www.ambienteyenergia.gob.ec\/ambiente\/wp-json\/wp\/v2\/posts\/19969\/revisions"}],"wp:featuredmedia":[{"embeddable":true,"href":"https:\/\/www.ambienteyenergia.gob.ec\/ambiente\/wp-json\/wp\/v2\/media\/19970"}],"wp:attachment":[{"href":"https:\/\/www.ambienteyenergia.gob.ec\/ambiente\/wp-json\/wp\/v2\/media?parent=19969"}],"wp:term":[{"taxonomy":"category","embeddable":true,"href":"https:\/\/www.ambienteyenergia.gob.ec\/ambiente\/wp-json\/wp\/v2\/categories?post=19969"},{"taxonomy":"post_tag","embeddable":true,"href":"https:\/\/www.ambienteyenergia.gob.ec\/ambiente\/wp-json\/wp\/v2\/tags?post=19969"}],"curies":[{"name":"wp","href":"https:\/\/api.w.org\/{rel}","templated":true}]}}