{"id":19961,"date":"2014-05-12T11:52:37","date_gmt":"2014-05-12T16:52:37","guid":{"rendered":"http:\/\/www.ambiente.gob.ec\/?p=19961"},"modified":"2014-05-12T11:52:37","modified_gmt":"2014-05-12T16:52:37","slug":"257-m%c2%b3-de-madera-fueron-decomisados-en-bolivar-tras-operativo-de-control-forestal","status":"publish","type":"post","link":"https:\/\/www.ambienteyenergia.gob.ec\/ambiente\/257-m%c2%b3-de-madera-fueron-decomisados-en-bolivar-tras-operativo-de-control-forestal\/","title":{"rendered":"25,7 m\u00b3 de madera fueron decomisados en Bol\u00edvar, tras operativo de control forestal"},"content":{"rendered":"<p style=\"text-align: justify;\">Como resultado de un operativo de control forestal que se realiz\u00f3 en la provincia de Bol\u00edvar, el Ministerio del Ambiente (MAE), en coordinaci\u00f3n con miembros de la Unidad de Protecci\u00f3n del Medio Ambiente (UPMA) de la Polic\u00eda Nacional, decomis\u00f3 25,7 m\u00b3 de madera aserrada de pino (Pinus Radiata).<\/p>\n<p style=\"text-align: justify;\">\nEl veh\u00edculo que transportaba el producto forestal (listones y palets) se encontraba en el Parque Los Leones de la Parroquia Gabriel Ignacio de Veintimilla, ubicado en el cant\u00f3n Guaranda.<\/p>\n<p style=\"text-align: justify;\">\nEl motivo de la retenci\u00f3n fue porque el volumen de la madera no concordaba con lo descrito en la gu\u00eda de movilizaci\u00f3n; incumpliendo con lo se\u00f1alado en el\u00a0 Acuerdo No. 139, art. 56.- literal b) Se excedan de lo autorizado en la misma, de conformidad a la norma de cubicaci\u00f3n, y literal d) cuenten con gu\u00eda cuya informaci\u00f3n no est\u00e9 correcta. Por lo que se procedi\u00f3 a la retenci\u00f3n del veh\u00edculo el producto forestal.<\/p>\n<p style=\"text-align: justify;\">\nEl MAE como principal autoridad ambiental se mantendr\u00e1 vigilante y continuar\u00e1 con los operativos de control forestal a fin de evitar la tala ilegal de los bosques.<\/p>\n","protected":false},"excerpt":{"rendered":"<p class=\"excerpt\">Como resultado de un operativo de control forestal que se realiz\u00f3 en la provincia de Bol\u00edvar, el Ministerio del Ambiente (MAE), en coordinaci\u00f3n con miembros de la Unidad de Protecci\u00f3n del Medio Ambiente (UPMA) de la Polic\u00eda Nacional, decomis\u00f3 25,7 m\u00b3 de madera aserrada de pino (Pinus Radiata). El veh\u00edculo que transportaba el producto forestal (listones y palets) se encontraba&hellip; <a href=\"https:\/\/www.ambienteyenergia.gob.ec\/ambiente\/257-m%c2%b3-de-madera-fueron-decomisados-en-bolivar-tras-operativo-de-control-forestal\/\">Read more &rarr;<\/a><\/p>\n","protected":false},"author":13,"featured_media":19963,"comment_status":"open","ping_status":"open","sticky":false,"template":"","format":"standard","meta":{"footnotes":""},"categories":[16,4],"tags":[],"class_list":["post-19961","post","type-post","status-publish","format-standard","has-post-thumbnail","hentry","category-comunicamos","category-noticias","xfolkentry"],"_links":{"self":[{"href":"https:\/\/www.ambienteyenergia.gob.ec\/ambiente\/wp-json\/wp\/v2\/posts\/19961","targetHints":{"allow":["GET"]}}],"collection":[{"href":"https:\/\/www.ambienteyenergia.gob.ec\/ambiente\/wp-json\/wp\/v2\/posts"}],"about":[{"href":"https:\/\/www.ambienteyenergia.gob.ec\/ambiente\/wp-json\/wp\/v2\/types\/post"}],"author":[{"embeddable":true,"href":"https:\/\/www.ambienteyenergia.gob.ec\/ambiente\/wp-json\/wp\/v2\/users\/13"}],"replies":[{"embeddable":true,"href":"https:\/\/www.ambienteyenergia.gob.ec\/ambiente\/wp-json\/wp\/v2\/comments?post=19961"}],"version-history":[{"count":0,"href":"https:\/\/www.ambienteyenergia.gob.ec\/ambiente\/wp-json\/wp\/v2\/posts\/19961\/revisions"}],"wp:featuredmedia":[{"embeddable":true,"href":"https:\/\/www.ambienteyenergia.gob.ec\/ambiente\/wp-json\/wp\/v2\/media\/19963"}],"wp:attachment":[{"href":"https:\/\/www.ambienteyenergia.gob.ec\/ambiente\/wp-json\/wp\/v2\/media?parent=19961"}],"wp:term":[{"taxonomy":"category","embeddable":true,"href":"https:\/\/www.ambienteyenergia.gob.ec\/ambiente\/wp-json\/wp\/v2\/categories?post=19961"},{"taxonomy":"post_tag","embeddable":true,"href":"https:\/\/www.ambienteyenergia.gob.ec\/ambiente\/wp-json\/wp\/v2\/tags?post=19961"}],"curies":[{"name":"wp","href":"https:\/\/api.w.org\/{rel}","templated":true}]}}