{"id":19956,"date":"2014-05-12T10:34:24","date_gmt":"2014-05-12T15:34:24","guid":{"rendered":"http:\/\/www.ambiente.gob.ec\/?p=19956"},"modified":"2014-05-12T20:06:15","modified_gmt":"2014-05-13T01:06:15","slug":"15-promotores-comunitarios-fueron-capacitados-en-temas-ambientales-en-zamora-chinchipe","status":"publish","type":"post","link":"https:\/\/www.ambienteyenergia.gob.ec\/ambiente\/15-promotores-comunitarios-fueron-capacitados-en-temas-ambientales-en-zamora-chinchipe\/","title":{"rendered":"15 promotores comunitarios fueron capacitados en temas ambientales en Zamora Chinchipe"},"content":{"rendered":"<p style=\"text-align: justify;\">El Ministerio del Ambiente (MAE) realiz\u00f3 la clausura del proyecto Ecotalleres, fase 3, con la graduaci\u00f3n de 15 Promotores Ambientales, pertenecientes a las parroquias Los Encuentros del cant\u00f3n Yanzatza, provincia de Zamora Chinchipe, el pasado 9 de mayo.<\/p>\n<p style=\"text-align: justify;\">Los talleres son ejecutados a nivel\u00a0 nacional con el apoyo de la Escuela Polit\u00e9cnica del Ej\u00e9rcito (ESPE) y el Consejo Nacional de Gobiernos Parroquiales del Ecuador (Conagopare), y tienen como principal objetivo capacitar en temas ambientales y formar promotores ambientales comunitarios encargados de aplicar los conocimientos adquiridos en sus respectivas comunidades.<\/p>\n<p style=\"text-align: justify;\">En las jornadas de educaci\u00f3n ambiental los ecotalleristas recibieron 60 horas de capacitaci\u00f3n te\u00f3rica y 20 horas de pr\u00e1ctica. Los temas que se trataron fueron biodiversidad, gesti\u00f3n ambiental, educaci\u00f3n ambiental comunitaria, problemas ambientales y promotores ambientales comunitarios. Al finalizar la ceremonia los graduados recibieron un diploma de aprobaci\u00f3n, avalado por la Escuela Polit\u00e9cnica del Ej\u00e9rcito (ESPE).<\/p>\n<p style=\"text-align: justify;\">Ahora, el rol de los promotores ambientales comunitarios rurales es replicar este aprendizaje en sus respectivas localidades, para formular proyectos pr\u00e1cticos de prevenci\u00f3n, remediaci\u00f3n y mitigaci\u00f3n de los da\u00f1os ambientales, y as\u00ed contribuir a la conservaci\u00f3n\u00a0 de un ambiente sano y libre de contaminaci\u00f3n.<\/p>\n<p>Dicho evento cont\u00f3 con la asistencia de autoridades locales como el Director Provincial del Ambiente de Zamora Chinchipe; Presidente de los Gobiernos Parroquiales de Los Encuentros; representantes de la Escuela Polit\u00e9cnica del Ej\u00e9rcito (Catedr\u00e1tico de Investigaci\u00f3n y vinculaci\u00f3n con la colectividad) y del Centro de Salud de los Encuentros, adem\u00e1s de los promotores ambientales y sus familias.<\/p>\n","protected":false},"excerpt":{"rendered":"<p class=\"excerpt\">El Ministerio del Ambiente (MAE) realiz\u00f3 la clausura del proyecto Ecotalleres, fase 3, con la graduaci\u00f3n de 15 Promotores Ambientales, pertenecientes a las parroquias Los Encuentros del cant\u00f3n Yanzatza, provincia de Zamora Chinchipe, el pasado 9 de mayo. Los talleres son ejecutados a nivel\u00a0 nacional con el apoyo de la Escuela Polit\u00e9cnica del Ej\u00e9rcito (ESPE) y el Consejo Nacional de&hellip; <a href=\"https:\/\/www.ambienteyenergia.gob.ec\/ambiente\/15-promotores-comunitarios-fueron-capacitados-en-temas-ambientales-en-zamora-chinchipe\/\">Read more &rarr;<\/a><\/p>\n","protected":false},"author":13,"featured_media":19957,"comment_status":"open","ping_status":"open","sticky":false,"template":"","format":"standard","meta":{"footnotes":""},"categories":[16,4],"tags":[],"class_list":["post-19956","post","type-post","status-publish","format-standard","has-post-thumbnail","hentry","category-comunicamos","category-noticias","xfolkentry"],"_links":{"self":[{"href":"https:\/\/www.ambienteyenergia.gob.ec\/ambiente\/wp-json\/wp\/v2\/posts\/19956","targetHints":{"allow":["GET"]}}],"collection":[{"href":"https:\/\/www.ambienteyenergia.gob.ec\/ambiente\/wp-json\/wp\/v2\/posts"}],"about":[{"href":"https:\/\/www.ambienteyenergia.gob.ec\/ambiente\/wp-json\/wp\/v2\/types\/post"}],"author":[{"embeddable":true,"href":"https:\/\/www.ambienteyenergia.gob.ec\/ambiente\/wp-json\/wp\/v2\/users\/13"}],"replies":[{"embeddable":true,"href":"https:\/\/www.ambienteyenergia.gob.ec\/ambiente\/wp-json\/wp\/v2\/comments?post=19956"}],"version-history":[{"count":0,"href":"https:\/\/www.ambienteyenergia.gob.ec\/ambiente\/wp-json\/wp\/v2\/posts\/19956\/revisions"}],"wp:featuredmedia":[{"embeddable":true,"href":"https:\/\/www.ambienteyenergia.gob.ec\/ambiente\/wp-json\/wp\/v2\/media\/19957"}],"wp:attachment":[{"href":"https:\/\/www.ambienteyenergia.gob.ec\/ambiente\/wp-json\/wp\/v2\/media?parent=19956"}],"wp:term":[{"taxonomy":"category","embeddable":true,"href":"https:\/\/www.ambienteyenergia.gob.ec\/ambiente\/wp-json\/wp\/v2\/categories?post=19956"},{"taxonomy":"post_tag","embeddable":true,"href":"https:\/\/www.ambienteyenergia.gob.ec\/ambiente\/wp-json\/wp\/v2\/tags?post=19956"}],"curies":[{"name":"wp","href":"https:\/\/api.w.org\/{rel}","templated":true}]}}