{"id":19952,"date":"2014-05-11T19:58:03","date_gmt":"2014-05-12T00:58:03","guid":{"rendered":"http:\/\/www.ambiente.gob.ec\/?p=19952"},"modified":"2014-05-11T19:58:03","modified_gmt":"2014-05-12T00:58:03","slug":"combustible-del-galapaface-i-se-evacuo-para-evitar-dano-ambiental","status":"publish","type":"post","link":"https:\/\/www.ambienteyenergia.gob.ec\/ambiente\/combustible-del-galapaface-i-se-evacuo-para-evitar-dano-ambiental\/","title":{"rendered":"Combustible del Galapaface I se evacu\u00f3 para evitar da\u00f1o ambiental"},"content":{"rendered":"<p style=\"text-align: justify;\"><em>Gracias al trabajo coordinado de las instituciones de Gal\u00e1pagos, el buque encallado no causar\u00e1 impactos lamentables en el ecosistema.<\/em><\/p>\n<p style=\"text-align: justify;\">A las 17h00 de hoy (hora local), los t\u00e9cnicos de las diferentes institucionales que forman parte del Comit\u00e9 de Operaciones de Emergencia (COE) de San Crist\u00f3bal, que est\u00e1n a bordo de la moto nave Galapaface, iniciaron la evacuaci\u00f3n de los \u00faltimos cinco mil galones de di\u00e9sel que se encontraban en su interior, cumpliendo con el objetivo principal de las autoridades de Gal\u00e1pagos que era eliminar el mayor riesgo ambiental.<\/p>\n<p style=\"text-align: justify;\">Estos cinco mil galones de di\u00e9sel se suman a los primeros catorce mil que conten\u00eda la nave al momento de su encallamiento en la costa de San Crist\u00f3bal, cerca de Punta Carola, durante la madrugada del pasado viernes.<\/p>\n<p style=\"text-align: justify;\">La r\u00e1pida ejecuci\u00f3n de las acciones establecidas en el plan de contingencia del COE, permitieron que este desafortunado accidente se supere, hasta el momento, sin generar lamentables impactos sobre el ecosistema de Gal\u00e1pagos.<\/p>\n<p style=\"text-align: justify;\">\u00abAmbientalmente, el mayor reto que ten\u00edamos con el encallamiento del buque era retirar el combustible que conten\u00eda. Una vez cumplido con esto, enfocaremos nuestros esfuerzos en conseguir que la nave sea retirada sin afectar los ecosistemas de Gal\u00e1pagos\u00bb\u00a0agreg\u00f3 Lorena Tapia, Ministra de Ambiente.<\/p>\n<p style=\"text-align: justify;\">El COE se mantiene activado y en peri\u00f3dicas reuniones para ir evaluando las acciones ejecutadas y planificando las siguientes. Por ahora se prev\u00e9 la llegada de dos remolcadores desde la parte continental para el d\u00eda martes, con el que se intentar\u00e1 la maniobra de retiro. El casco de los remolcadores ser\u00e1 revisado fuera de la Reserva Marina de Gal\u00e1pagos, por los buzos de la Direcci\u00f3n del Parque Nacional Gal\u00e1pagos para asegurar que no tenga especies ex\u00f3genas adheridas.<\/p>\n<p style=\"text-align: justify;\">La autoridad ambiental iniciar\u00e1 las acciones legales correspondientes, a fin de que el armador de la nave se responsabilice por los problemas ocasionados y por posibles da\u00f1os ambientales que el encallamiento pueda generar, lo que ser\u00e1 evaluado una vez superada la crisis.<\/p>\n","protected":false},"excerpt":{"rendered":"<p class=\"excerpt\">Gracias al trabajo coordinado de las instituciones de Gal\u00e1pagos, el buque encallado no causar\u00e1 impactos lamentables en el ecosistema. A las 17h00 de hoy (hora local), los t\u00e9cnicos de las diferentes institucionales que forman parte del Comit\u00e9 de Operaciones de Emergencia (COE) de San Crist\u00f3bal, que est\u00e1n a bordo de la moto nave Galapaface, iniciaron la evacuaci\u00f3n de los \u00faltimos&hellip; <a href=\"https:\/\/www.ambienteyenergia.gob.ec\/ambiente\/combustible-del-galapaface-i-se-evacuo-para-evitar-dano-ambiental\/\">Read more &rarr;<\/a><\/p>\n","protected":false},"author":13,"featured_media":19953,"comment_status":"open","ping_status":"open","sticky":false,"template":"","format":"standard","meta":{"footnotes":""},"categories":[16,4],"tags":[493,492,108,53,347],"class_list":["post-19952","post","type-post","status-publish","format-standard","has-post-thumbnail","hentry","category-comunicamos","category-noticias","tag-encallamiento","tag-galapaface","tag-lorena-tapia","tag-mae","tag-parque-nacional-galapagos","xfolkentry"],"_links":{"self":[{"href":"https:\/\/www.ambienteyenergia.gob.ec\/ambiente\/wp-json\/wp\/v2\/posts\/19952","targetHints":{"allow":["GET"]}}],"collection":[{"href":"https:\/\/www.ambienteyenergia.gob.ec\/ambiente\/wp-json\/wp\/v2\/posts"}],"about":[{"href":"https:\/\/www.ambienteyenergia.gob.ec\/ambiente\/wp-json\/wp\/v2\/types\/post"}],"author":[{"embeddable":true,"href":"https:\/\/www.ambienteyenergia.gob.ec\/ambiente\/wp-json\/wp\/v2\/users\/13"}],"replies":[{"embeddable":true,"href":"https:\/\/www.ambienteyenergia.gob.ec\/ambiente\/wp-json\/wp\/v2\/comments?post=19952"}],"version-history":[{"count":0,"href":"https:\/\/www.ambienteyenergia.gob.ec\/ambiente\/wp-json\/wp\/v2\/posts\/19952\/revisions"}],"wp:featuredmedia":[{"embeddable":true,"href":"https:\/\/www.ambienteyenergia.gob.ec\/ambiente\/wp-json\/wp\/v2\/media\/19953"}],"wp:attachment":[{"href":"https:\/\/www.ambienteyenergia.gob.ec\/ambiente\/wp-json\/wp\/v2\/media?parent=19952"}],"wp:term":[{"taxonomy":"category","embeddable":true,"href":"https:\/\/www.ambienteyenergia.gob.ec\/ambiente\/wp-json\/wp\/v2\/categories?post=19952"},{"taxonomy":"post_tag","embeddable":true,"href":"https:\/\/www.ambienteyenergia.gob.ec\/ambiente\/wp-json\/wp\/v2\/tags?post=19952"}],"curies":[{"name":"wp","href":"https:\/\/api.w.org\/{rel}","templated":true}]}}