{"id":19941,"date":"2014-05-11T01:03:19","date_gmt":"2014-05-11T06:03:19","guid":{"rendered":"http:\/\/www.ambiente.gob.ec\/?p=19941"},"modified":"2014-05-11T07:55:44","modified_gmt":"2014-05-11T12:55:44","slug":"ministra-del-ambiente-lorena-tapia-participo-en-gabinete-itinerante-desde-san-pedro-de-huaca","status":"publish","type":"post","link":"https:\/\/www.ambienteyenergia.gob.ec\/ambiente\/ministra-del-ambiente-lorena-tapia-participo-en-gabinete-itinerante-desde-san-pedro-de-huaca\/","title":{"rendered":"Ministra del Ambiente, Lorena Tapia, particip\u00f3 en Gabinete Itinerante desde San Pedro de Huaca"},"content":{"rendered":"<p style=\"text-align: justify;\">Hoy, en el marco del Enlace Ciudadano Nro. 373 que se desarroll\u00f3 en el cant\u00f3n San Pedro de Huaca, provincia del Carchi, el Ministerio del Ambiente del Ecuador (MAE), representado por la Ministra Lorena Tapia, particip\u00f3 en el Gabinete Presidencial, la noche cultural, el desayuno con alcaldes y la mesa sectorial.<\/p>\n<p style=\"text-align: justify;\"><strong>Gabinete Itinerante<\/strong><\/p>\n<p style=\"text-align: justify;\">En la reuni\u00f3n de autoridades, que se realiz\u00f3 ayer, desde las 11:00, en el Colegio Nacional de Huaca, la Ministra Tapia expuso los puntos fundamentales en los que el MAE trabaja, tanto a nivel local como a nivel nacional.<\/p>\n<p style=\"text-align: justify;\">Asimismo, explic\u00f3 a los asistentes sobre los programas que ejecuta esta Cartera de Estado en Carchi. Entre ellos est\u00e1n:<\/p>\n<p style=\"text-align: justify;\"><strong>El Programa Nacional para la Gesti\u00f3n Integral de Desechos S\u00f3lidos (PNGIDS)<\/strong>, que tiene una inversi\u00f3n de USD 43.656,83 y que lleva a cabo los siguientes proyectos:<\/p>\n<p style=\"text-align: justify;\">o \u00a0 Un plan piloto de separaci\u00f3n en la fuente con\u00a03 290 familias, en el que se entregaron tachos\u00a0en 43 barrios de\u00a0Tulc\u00e1n. Asimismo,\u00a0en el cant\u00f3n Espejo los tachos son utilizados en las instituciones educativas y en Mira, en las parroquias Juan Montalvo, Concepci\u00f3n, Jacinto Jij\u00f3n y Cama\u00f1o. De la misma forma, la balanza y compactadora son utilizadas en el sitio de disposici\u00f3n final ubicado en el sector San Marcos.<\/p>\n<p style=\"text-align: justify;\">o \u00a0 Por otro lado, de los seis cantones de la provincia de Carchi, el GAD de Mira cuenta con un Relleno Sanitario que es manejado t\u00e9cnicamente, mientras que en los cantones de Tulc\u00e1n, Montufar, Bol\u00edvar y Espejo desechan sus residuos en botaderos controlados que son manejados adecuadamente. Por su parte, el cant\u00f3n San Pedro de Huaca dispone los residuos s\u00f3lidos en el relleno de Tulc\u00e1n.<\/p>\n<p style=\"text-align: justify;\"><strong>Patrimonio Natural y biodiversidad<\/strong><\/p>\n<p style=\"text-align: justify;\">La provincia del Carchi es reconocida por sus altos valores h\u00eddricos, suelos f\u00e9rtiles y una fuerte identidad cultural. Su principal zona de conservaci\u00f3n es la Reserva Ecol\u00f3gica El \u00c1ngel (REEA), la cual es parte del Patrimonio de \u00c1reas Naturales del Estado, adem\u00e1s, de ser considerada como un sitio RAMSAR (humedal de importancia mundial) y refugio de una amplia variedad de plantas y animales t\u00edpicas del p\u00e1ramo, siendo la m\u00e1s representativa el frailej\u00f3n.<\/p>\n<p style=\"text-align: justify;\">En ese sentido, el MAE preocupado por la conservaci\u00f3n de los p\u00e1ramos y bosques representativos de la regi\u00f3n, ha desarrollado diferentes estrategias y acciones que involucran, a m\u00e1s del manejo de la REAA (16.541 hect\u00e1reas), la declaratoria de bosques protectores, implementaci\u00f3n del Programa Socio Bosque y el apoyo a iniciativas comunitarias, entre otras.<\/p>\n<p style=\"text-align: justify;\">El Programa Socio Bosque busca ser el principal mecanismo para proteger alrededor de 73 mil hect\u00e1reas de bosques en Carchi, que de acuerdo al Mapa Hist\u00f3rico de Deforestaci\u00f3n es una cifra de remanente boscoso y vegetaci\u00f3n nativa que a\u00fan no se encuentra protegida. Socio Bosque a la fecha, mantiene 134 convenios colectivos e individuales abarcando una superficie de 19 476 hect\u00e1reas, con una inversi\u00f3n anual de $ 293.513,78 en toda la provincia.<\/p>\n<p style=\"text-align: justify;\">Los Bosques protectores dentro de la Provincia son Cerro Golondrinas, El Hondon, Lomas Coraz\u00f3n y Breta\u00f1a, Mirador Golondrinas, Chamizo \u2013 Minas y Huaquer, que suman, aproximadamente, una superficie de 30 000 hect\u00e1reas; y que est\u00e1n atravesando un proceso de actualizaci\u00f3n de sus Planes de Manejo Integrales para la protecci\u00f3n adecuada de los mismos.<\/p>\n<p style=\"text-align: justify;\">El MAE tiene como objetivo la restauraci\u00f3n forestal, con el fin de conservar y proteger las fuentes h\u00eddricas mediante la participaci\u00f3n de la comunidad, para as\u00ed mitigar los altos \u00edndices de deforestaci\u00f3n en el pa\u00eds. Por lo que implement\u00f3 un vivero forestal para la reproducci\u00f3n de plantas nativas, y con ellas, trabajar en la recuperaci\u00f3n de espacios degradados en la zona de amortiguamiento del \u00e1rea protegida y en la conservaci\u00f3n de fuentes de agua e implementaci\u00f3n de sistemas de protecci\u00f3n de suelo.<\/p>\n<p style=\"text-align: justify;\">Como parte de esta labor, en el 2013 el MAE capacit\u00f3 y conform\u00f3 la Red de Asociaciones de Mujeres de la Parroquia La Libertad, con el prop\u00f3sito de emprender proyectos sostenibles de turismo comunitario.<\/p>\n<p style=\"text-align: justify;\">Una vez culminado el Gabinete, la Ministra Tapia junto con las dem\u00e1s autoridades de Gobierno, asistieron a la Noche Cultural en el Coliseo Polideportivo Huaca, ubicado en el mismo cant\u00f3n, donde compartieron con los ciudadanos.<\/p>\n<p style=\"text-align: justify;\"><strong>Gabinete Sectorial y di\u00e1logo con la comunidad<\/strong><\/p>\n<p style=\"text-align: justify;\">Finalmente, la Ministra Tapia al igual que otras autoridades representantes de las entidades p\u00fablicas, intercambi\u00f3 experiencias y dialog\u00f3 con los ciudadanos sobre los ejes, programas y proyectos que el MAE maneja en la provincia para conservar el ambiente.<\/p>\n","protected":false},"excerpt":{"rendered":"<p class=\"excerpt\">Hoy, en el marco del Enlace Ciudadano Nro. 373 que se desarroll\u00f3 en el cant\u00f3n San Pedro de Huaca, provincia del Carchi, el Ministerio del Ambiente del Ecuador (MAE), representado por la Ministra Lorena Tapia, particip\u00f3 en el Gabinete Presidencial, la noche cultural, el desayuno con alcaldes y la mesa sectorial. Gabinete Itinerante En la reuni\u00f3n de autoridades, que se&hellip; <a href=\"https:\/\/www.ambienteyenergia.gob.ec\/ambiente\/ministra-del-ambiente-lorena-tapia-participo-en-gabinete-itinerante-desde-san-pedro-de-huaca\/\">Read more &rarr;<\/a><\/p>\n","protected":false},"author":13,"featured_media":19942,"comment_status":"open","ping_status":"open","sticky":false,"template":"","format":"standard","meta":{"footnotes":""},"categories":[16,4],"tags":[],"class_list":["post-19941","post","type-post","status-publish","format-standard","has-post-thumbnail","hentry","category-comunicamos","category-noticias","xfolkentry"],"_links":{"self":[{"href":"https:\/\/www.ambienteyenergia.gob.ec\/ambiente\/wp-json\/wp\/v2\/posts\/19941","targetHints":{"allow":["GET"]}}],"collection":[{"href":"https:\/\/www.ambienteyenergia.gob.ec\/ambiente\/wp-json\/wp\/v2\/posts"}],"about":[{"href":"https:\/\/www.ambienteyenergia.gob.ec\/ambiente\/wp-json\/wp\/v2\/types\/post"}],"author":[{"embeddable":true,"href":"https:\/\/www.ambienteyenergia.gob.ec\/ambiente\/wp-json\/wp\/v2\/users\/13"}],"replies":[{"embeddable":true,"href":"https:\/\/www.ambienteyenergia.gob.ec\/ambiente\/wp-json\/wp\/v2\/comments?post=19941"}],"version-history":[{"count":0,"href":"https:\/\/www.ambienteyenergia.gob.ec\/ambiente\/wp-json\/wp\/v2\/posts\/19941\/revisions"}],"wp:featuredmedia":[{"embeddable":true,"href":"https:\/\/www.ambienteyenergia.gob.ec\/ambiente\/wp-json\/wp\/v2\/media\/19942"}],"wp:attachment":[{"href":"https:\/\/www.ambienteyenergia.gob.ec\/ambiente\/wp-json\/wp\/v2\/media?parent=19941"}],"wp:term":[{"taxonomy":"category","embeddable":true,"href":"https:\/\/www.ambienteyenergia.gob.ec\/ambiente\/wp-json\/wp\/v2\/categories?post=19941"},{"taxonomy":"post_tag","embeddable":true,"href":"https:\/\/www.ambienteyenergia.gob.ec\/ambiente\/wp-json\/wp\/v2\/tags?post=19941"}],"curies":[{"name":"wp","href":"https:\/\/api.w.org\/{rel}","templated":true}]}}