{"id":19935,"date":"2014-05-10T12:32:22","date_gmt":"2014-05-10T17:32:22","guid":{"rendered":"http:\/\/www.ambiente.gob.ec\/?p=19935"},"modified":"2014-05-10T12:41:58","modified_gmt":"2014-05-10T17:41:58","slug":"trabajo-coordinado-de-coe-cantonal-de-san-cristobal-logra-importantes-avances","status":"publish","type":"post","link":"https:\/\/www.ambienteyenergia.gob.ec\/ambiente\/trabajo-coordinado-de-coe-cantonal-de-san-cristobal-logra-importantes-avances\/","title":{"rendered":"Trabajo coordinado de COE cantonal de San Crist\u00f3bal logra importantes avances"},"content":{"rendered":"<p style=\"text-align: justify;\">Presidente del COE Cantonal de San Cristobal, con el apoyo de personal del Ministerio del Ambiente a trav\u00e9s de la Direcci\u00f3n del Parque Nacional Gal\u00e1pagos, Consejo de Gobierno de Gal\u00e1pagos, Secretar\u00eda Nacional de Gesti\u00f3n de Riesgos, Armada del Ecuador, Subsecretar\u00eda de Puertos y Transporte Mar\u00edtimos, Direcci\u00f3n de Aviaci\u00f3n Civil y Gobernaci\u00f3n \u00a0trabajan permanentemente en vigilia desde la activaci\u00f3n del COE Cantonal hasta el momento por la embarcaci\u00f3n encallada en las costas del Archipi\u00e9lago, desde ayer.<\/p>\n<p style=\"text-align: justify;\">La Subsecretar\u00eda de Puertos en coordinaci\u00f3n con los armadores de la embarcaci\u00f3n Galapaface I, gestionan el traslado desde el continente de equipos, buzos soldadores, t\u00e9cnicos evaluadores y un remolcador, para fortalecer las medidas de prevenci\u00f3n ambiental.<\/p>\n<p style=\"text-align: justify;\">A los esfuerzos del COE Cantonal se une el apoyo con personal t\u00e9cnico y maquinar\u00eda de la empresa Obras y Servicios TEX.SA.<\/p>\n<p style=\"text-align: justify;\">Al momento, la gabarra \u00abORCA\u00bb, \u00a0evacu\u00f3 aproximadamente 6000 galones de di\u00e9sel, mientras las barcazas de los operadores locales y la motonave Gal\u00e1pagos, continuan con las maniobras del desembarque de carga.<\/p>\n<p style=\"text-align: justify;\">Galapaface I , encallado la madrugada del d\u00eda de ayer 09 de mayo, sigue siendo monitoreado e intervenido, con el objetivo de prevenir afectaciones ambientales.<\/p>\n","protected":false},"excerpt":{"rendered":"<p class=\"excerpt\">Presidente del COE Cantonal de San Cristobal, con el apoyo de personal del Ministerio del Ambiente a trav\u00e9s de la Direcci\u00f3n del Parque Nacional Gal\u00e1pagos, Consejo de Gobierno de Gal\u00e1pagos, Secretar\u00eda Nacional de Gesti\u00f3n de Riesgos, Armada del Ecuador, Subsecretar\u00eda de Puertos y Transporte Mar\u00edtimos, Direcci\u00f3n de Aviaci\u00f3n Civil y Gobernaci\u00f3n \u00a0trabajan permanentemente en vigilia desde la activaci\u00f3n del COE&hellip; <a href=\"https:\/\/www.ambienteyenergia.gob.ec\/ambiente\/trabajo-coordinado-de-coe-cantonal-de-san-cristobal-logra-importantes-avances\/\">Read more &rarr;<\/a><\/p>\n","protected":false},"author":13,"featured_media":19938,"comment_status":"open","ping_status":"open","sticky":false,"template":"","format":"standard","meta":{"footnotes":""},"categories":[16,4],"tags":[],"class_list":["post-19935","post","type-post","status-publish","format-standard","has-post-thumbnail","hentry","category-comunicamos","category-noticias","xfolkentry"],"_links":{"self":[{"href":"https:\/\/www.ambienteyenergia.gob.ec\/ambiente\/wp-json\/wp\/v2\/posts\/19935","targetHints":{"allow":["GET"]}}],"collection":[{"href":"https:\/\/www.ambienteyenergia.gob.ec\/ambiente\/wp-json\/wp\/v2\/posts"}],"about":[{"href":"https:\/\/www.ambienteyenergia.gob.ec\/ambiente\/wp-json\/wp\/v2\/types\/post"}],"author":[{"embeddable":true,"href":"https:\/\/www.ambienteyenergia.gob.ec\/ambiente\/wp-json\/wp\/v2\/users\/13"}],"replies":[{"embeddable":true,"href":"https:\/\/www.ambienteyenergia.gob.ec\/ambiente\/wp-json\/wp\/v2\/comments?post=19935"}],"version-history":[{"count":0,"href":"https:\/\/www.ambienteyenergia.gob.ec\/ambiente\/wp-json\/wp\/v2\/posts\/19935\/revisions"}],"wp:featuredmedia":[{"embeddable":true,"href":"https:\/\/www.ambienteyenergia.gob.ec\/ambiente\/wp-json\/wp\/v2\/media\/19938"}],"wp:attachment":[{"href":"https:\/\/www.ambienteyenergia.gob.ec\/ambiente\/wp-json\/wp\/v2\/media?parent=19935"}],"wp:term":[{"taxonomy":"category","embeddable":true,"href":"https:\/\/www.ambienteyenergia.gob.ec\/ambiente\/wp-json\/wp\/v2\/categories?post=19935"},{"taxonomy":"post_tag","embeddable":true,"href":"https:\/\/www.ambienteyenergia.gob.ec\/ambiente\/wp-json\/wp\/v2\/tags?post=19935"}],"curies":[{"name":"wp","href":"https:\/\/api.w.org\/{rel}","templated":true}]}}