{"id":19931,"date":"2014-05-10T09:49:54","date_gmt":"2014-05-10T14:49:54","guid":{"rendered":"http:\/\/www.ambiente.gob.ec\/?p=19931"},"modified":"2014-05-10T11:59:40","modified_gmt":"2014-05-10T16:59:40","slug":"dia-mundial-de-aves-migratorias-ecuador-destino-de-turismo-sostenible","status":"publish","type":"post","link":"https:\/\/www.ambienteyenergia.gob.ec\/ambiente\/dia-mundial-de-aves-migratorias-ecuador-destino-de-turismo-sostenible\/","title":{"rendered":"D\u00eda Mundial de Aves Migratorias: Ecuador destino de turismo sostenible"},"content":{"rendered":"<p style=\"text-align: justify;\">Viajan desde Sudam\u00e9rica, y encuentran en nuestra Amazon\u00eda y la costa del pac\u00edfico ecuatoriana, un h\u00e1bitat para reproducirse y permanecer durante el invierno, \u00e9stas son las aves migratorias. Hoy, el Ministerio del Ambiente, como rector del sector ambiental, conmemora el D\u00eda Mundial de las Aves Migratorias, las cuales alrededor del mundo suman casi 10 mil y \u00fanicamente en Ecuador habitan cerca de 292.<\/p>\n<p style=\"text-align: justify;\">La celebraci\u00f3n de este 2014 sobre las aves migratorias es tambi\u00e9n impulsada por el Programa de las Naciones Unidas para el Medio Ambiente (PNUMA) y BirdLife International con el lema \u00abDestino Rutas A\u00e9reas: Aves Migratorias y Turismo\u00bb.<\/p>\n<p style=\"text-align: justify;\">En el pa\u00eds, la observaci\u00f3n de aves est\u00e1 considerada como una de las principales actividades de turismo sostenible. Consanga en la provincia de Napoy y Mindo en Pichincha figuran a nivel mundial como territorios aptos para el avistamiento de estas especies.<\/p>\n<p style=\"text-align: justify;\">Entre las especies de aves migratorias existentes en Ecuador est\u00e1n: Migratorias Boreales, Migratorias Australes, Migratorias Altutidinales, Migratorias errantes en Gal\u00e1pagos, Migratorias Intratropicales, y otras que provienen de Per\u00fa.<\/p>\n<p style=\"text-align: justify;\">\u00c9stas aves enfrentan varias presiones entre las principales est\u00e1n las relacionadas al estado de los ecosistemas como la deforestaci\u00f3n y la fragmentaci\u00f3n de los h\u00e1bitats. Por esta raz\u00f3n, el Ecuador es signatario del Convenio sobre Conservaci\u00f3n de las Especies Migratorias desde el pasado 6 de enero del 2004, \u00e9ste tiene como finalidad contribuir a la conservaci\u00f3n de las especies terrestres, marinas y aviarias de animales migratorios a lo largo de su \u00e1rea de distribuci\u00f3n.<\/p>\n<p style=\"text-align: justify;\">Por otro lado, la estrategia de sostenibilidad y conservaci\u00f3n de la pol\u00edtica de patrimonio de esta Cartera de Estado promueve la conservaci\u00f3n de los espacios naturales, especialmente las \u00e1reas protegidas como lugares que albergan alta riqueza de biodiversidad, en especial las aves migratorias de todo el mundo.<\/p>\n<p style=\"text-align: justify;\">\u00abEste Gobierno de manera hist\u00f3rica garantiza una pol\u00edtica de preservaci\u00f3n de la biodiversidad. Invertimos en el 2012 cerca de USD 21 millones en el mantenimiento de nuestras \u00e1reas protegidas y ampliamos la capacidad de intervenci\u00f3n en nuestras \u00e1reas naturales con el Programa de incentivos Socio Bosque\u00bb, explica el Subsecretario de Patrimonio Natural, Christian Ter\u00e1n.<\/p>\n<p style=\"text-align: justify;\">El Ministerio del Ambiente conmemora con varios actos el D\u00eda Mundial de las Aves Migratorias, uno de estos eventos se desarrollar\u00e1 en R\u00edo Verde, en el cant\u00f3n Ba\u00f1os en la provincia de Tungurahua en donde se realizar\u00e1 una visita a la Ecoruta Kuri Pishku \u201cP\u00e1jaro de Oro\u201d, la cual tiene una extensi\u00f3n de 32 km y atraviesa cuatro cantones: Salcedo y P\u00edllaro, en la provincia de Cotopaxi; Patate y Ba\u00f1os, en la provincia de Tungurahua.<\/p>\n<p style=\"text-align: justify;\"><strong>Sab\u00edas que<\/strong><\/p>\n<ul>\n<li>La Constituci\u00f3n del Ecuador es la primera en el mundo en reconocer los Derechos de la Naturaleza, con lo cual el Estado se compromete a proteger a las especies de flora y fauna en todos sus ciclos de vida.<\/li>\n<li>El D\u00eda Mundial de las Aves Migratorias se inici\u00f3 en 2006 y es una campa\u00f1a de concienciaci\u00f3n anual que resalta la necesidad de protecci\u00f3n de las aves migratorias y sus h\u00e1bitats.<\/li>\n<\/ul>\n","protected":false},"excerpt":{"rendered":"<p class=\"excerpt\">Viajan desde Sudam\u00e9rica, y encuentran en nuestra Amazon\u00eda y la costa del pac\u00edfico ecuatoriana, un h\u00e1bitat para reproducirse y permanecer durante el invierno, \u00e9stas son las aves migratorias. Hoy, el Ministerio del Ambiente, como rector del sector ambiental, conmemora el D\u00eda Mundial de las Aves Migratorias, las cuales alrededor del mundo suman casi 10 mil y \u00fanicamente en Ecuador habitan&hellip; <a href=\"https:\/\/www.ambienteyenergia.gob.ec\/ambiente\/dia-mundial-de-aves-migratorias-ecuador-destino-de-turismo-sostenible\/\">Read more &rarr;<\/a><\/p>\n","protected":false},"author":13,"featured_media":19932,"comment_status":"open","ping_status":"open","sticky":false,"template":"","format":"standard","meta":{"footnotes":""},"categories":[16,4],"tags":[363,491,387],"class_list":["post-19931","post","type-post","status-publish","format-standard","has-post-thumbnail","hentry","category-comunicamos","category-noticias","tag-aves","tag-dia-mundial-de-las-aves-migratorias","tag-mae-lorena-tapia","xfolkentry"],"_links":{"self":[{"href":"https:\/\/www.ambienteyenergia.gob.ec\/ambiente\/wp-json\/wp\/v2\/posts\/19931","targetHints":{"allow":["GET"]}}],"collection":[{"href":"https:\/\/www.ambienteyenergia.gob.ec\/ambiente\/wp-json\/wp\/v2\/posts"}],"about":[{"href":"https:\/\/www.ambienteyenergia.gob.ec\/ambiente\/wp-json\/wp\/v2\/types\/post"}],"author":[{"embeddable":true,"href":"https:\/\/www.ambienteyenergia.gob.ec\/ambiente\/wp-json\/wp\/v2\/users\/13"}],"replies":[{"embeddable":true,"href":"https:\/\/www.ambienteyenergia.gob.ec\/ambiente\/wp-json\/wp\/v2\/comments?post=19931"}],"version-history":[{"count":0,"href":"https:\/\/www.ambienteyenergia.gob.ec\/ambiente\/wp-json\/wp\/v2\/posts\/19931\/revisions"}],"wp:featuredmedia":[{"embeddable":true,"href":"https:\/\/www.ambienteyenergia.gob.ec\/ambiente\/wp-json\/wp\/v2\/media\/19932"}],"wp:attachment":[{"href":"https:\/\/www.ambienteyenergia.gob.ec\/ambiente\/wp-json\/wp\/v2\/media?parent=19931"}],"wp:term":[{"taxonomy":"category","embeddable":true,"href":"https:\/\/www.ambienteyenergia.gob.ec\/ambiente\/wp-json\/wp\/v2\/categories?post=19931"},{"taxonomy":"post_tag","embeddable":true,"href":"https:\/\/www.ambienteyenergia.gob.ec\/ambiente\/wp-json\/wp\/v2\/tags?post=19931"}],"curies":[{"name":"wp","href":"https:\/\/api.w.org\/{rel}","templated":true}]}}