{"id":19927,"date":"2014-05-09T19:55:29","date_gmt":"2014-05-10T00:55:29","guid":{"rendered":"http:\/\/www.ambiente.gob.ec\/?p=19927"},"modified":"2014-05-09T19:55:29","modified_gmt":"2014-05-10T00:55:29","slug":"coe-cantonal-presenta-planes-de-contingencia-ante-buque-encallado","status":"publish","type":"post","link":"https:\/\/www.ambienteyenergia.gob.ec\/ambiente\/coe-cantonal-presenta-planes-de-contingencia-ante-buque-encallado\/","title":{"rendered":"COE cantonal presenta planes de contingencia ante buque encallado"},"content":{"rendered":"<p style=\"text-align: justify;\">Esta tarde, el Comit\u00e9 de Operaciones de Emergencia (COE) del cant\u00f3n San Crist\u00f3bal, sitio en el que la madrugada de hoy encall\u00f3 el buque de carga Galapaface I, elabor\u00f3 y aprob\u00f3 el plan de contingencia para las labores de desatasco de la nave, prevenci\u00f3n de impactos ambientales, protecci\u00f3n de productos perecibles y materiales que transportaba.<\/p>\n<p style=\"text-align: justify;\">Dentro de este plan se contempla la evacuaci\u00f3n de 2.500 galones de diesel de uso diario, almacenados cerca del cuarto de m\u00e1quinas, actividad prevista para hoy las 17h00 (hora local), con la ayuda de la gabarra El Morro y tanques de almacenamiento de ElecGal\u00e1pagos.<\/p>\n<p style=\"text-align: justify;\">Asimismo, se planifica el desembarque de las 1.100 toneladas (aproximadamente) de carga que tiene en las bodegas, con la ayuda de la motonave Gal\u00e1pagos y gabarras de operadores locales, a fin de realizar la maniobra m\u00e1s r\u00e1pidamente. Desde esta ma\u00f1ana las peque\u00f1as barcazas estaban contribuyendo con esta actividad pero a\u00fan es mucha la carga que se mantiene a bordo. El objetivo es aligerar el peso de la nave, para facilitar la salida del encallamiento.<\/p>\n<p style=\"text-align: justify;\">Posteriormente, las autoridades concentrar\u00e1n sus esfuerzos en evacuar el resto de galones que est\u00e1n almacenados en las boyas, como una medida adecuada para prevenir da\u00f1os ambientales. Esta maniobra se la realizar\u00e1 posiblemente a las 01h00 del s\u00e1bado, hora en la que se prev\u00e9 la llegada de la gabarra Orca, que se est\u00e1 movilizando desde la isla Baltra. Esta garraba es la \u00fanica en la provincia, acondicionada para el transporte de combustible.<\/p>\n<p style=\"text-align: justify;\">El Comit\u00e9 de Operaciones de Emergencia, presidido por el alcalde de San Crist\u00f3bal, est\u00e1 conformado por los delegados del Ministerio del Ambiente, a trav\u00e9s de la Direcci\u00f3n del Parque Nacional Gal\u00e1pagos, Armada del Ecuador, Consejo de Gobierno, Secretar\u00eda Nacional de Gesti\u00f3n de Riesgos, Subsecretar\u00eda de Puertos y Transporte Mar\u00edtimo, Polic\u00eda Nacional, Cuerpo de Bomberos, PetroEcuador, ElecGal\u00e1pagos, Direcci\u00f3n de Aviaci\u00f3n Civil, Consejo Nacional de Telecomunicaciones.<\/p>\n","protected":false},"excerpt":{"rendered":"<p class=\"excerpt\">Esta tarde, el Comit\u00e9 de Operaciones de Emergencia (COE) del cant\u00f3n San Crist\u00f3bal, sitio en el que la madrugada de hoy encall\u00f3 el buque de carga Galapaface I, elabor\u00f3 y aprob\u00f3 el plan de contingencia para las labores de desatasco de la nave, prevenci\u00f3n de impactos ambientales, protecci\u00f3n de productos perecibles y materiales que transportaba. Dentro de este plan se&hellip; <a href=\"https:\/\/www.ambienteyenergia.gob.ec\/ambiente\/coe-cantonal-presenta-planes-de-contingencia-ante-buque-encallado\/\">Read more &rarr;<\/a><\/p>\n","protected":false},"author":13,"featured_media":19928,"comment_status":"open","ping_status":"open","sticky":false,"template":"","format":"standard","meta":{"footnotes":""},"categories":[16,4],"tags":[490,108,53,347],"class_list":["post-19927","post","type-post","status-publish","format-standard","has-post-thumbnail","hentry","category-comunicamos","category-noticias","tag-barco","tag-lorena-tapia","tag-mae","tag-parque-nacional-galapagos","xfolkentry"],"_links":{"self":[{"href":"https:\/\/www.ambienteyenergia.gob.ec\/ambiente\/wp-json\/wp\/v2\/posts\/19927","targetHints":{"allow":["GET"]}}],"collection":[{"href":"https:\/\/www.ambienteyenergia.gob.ec\/ambiente\/wp-json\/wp\/v2\/posts"}],"about":[{"href":"https:\/\/www.ambienteyenergia.gob.ec\/ambiente\/wp-json\/wp\/v2\/types\/post"}],"author":[{"embeddable":true,"href":"https:\/\/www.ambienteyenergia.gob.ec\/ambiente\/wp-json\/wp\/v2\/users\/13"}],"replies":[{"embeddable":true,"href":"https:\/\/www.ambienteyenergia.gob.ec\/ambiente\/wp-json\/wp\/v2\/comments?post=19927"}],"version-history":[{"count":0,"href":"https:\/\/www.ambienteyenergia.gob.ec\/ambiente\/wp-json\/wp\/v2\/posts\/19927\/revisions"}],"wp:featuredmedia":[{"embeddable":true,"href":"https:\/\/www.ambienteyenergia.gob.ec\/ambiente\/wp-json\/wp\/v2\/media\/19928"}],"wp:attachment":[{"href":"https:\/\/www.ambienteyenergia.gob.ec\/ambiente\/wp-json\/wp\/v2\/media?parent=19927"}],"wp:term":[{"taxonomy":"category","embeddable":true,"href":"https:\/\/www.ambienteyenergia.gob.ec\/ambiente\/wp-json\/wp\/v2\/categories?post=19927"},{"taxonomy":"post_tag","embeddable":true,"href":"https:\/\/www.ambienteyenergia.gob.ec\/ambiente\/wp-json\/wp\/v2\/tags?post=19927"}],"curies":[{"name":"wp","href":"https:\/\/api.w.org\/{rel}","templated":true}]}}