{"id":19924,"date":"2014-05-09T19:14:33","date_gmt":"2014-05-10T00:14:33","guid":{"rendered":"http:\/\/www.ambiente.gob.ec\/?p=19924"},"modified":"2014-06-09T11:36:35","modified_gmt":"2014-06-09T16:36:35","slug":"mae-co-organiza-el-segundo-dialogo-nacional-sobre-cambio-climatico-hacia-un-acuerdo-2015","status":"publish","type":"post","link":"https:\/\/www.ambienteyenergia.gob.ec\/ambiente\/mae-co-organiza-el-segundo-dialogo-nacional-sobre-cambio-climatico-hacia-un-acuerdo-2015\/","title":{"rendered":"MAE coorganiza el Segundo Di\u00e1logo Nacional sobre Cambio Clim\u00e1tico hacia un Acuerdo 2015"},"content":{"rendered":"<p style=\"text-align: justify;\">Hoy se realiz\u00f3 el Segundo Di\u00e1logo Nacional sobre Cambio Clim\u00e1tico Hacia un Acuerdo 2015, coorganizado por el Ministerio del Ambiente y Canciller\u00eda. Este di\u00e1logo cont\u00f3 con la participaci\u00f3n de funcionarios de instituciones p\u00fablicas, privadas, sociedad civil, organismos no gubernamentales y academia.<\/p>\n<p>El objetivo del di\u00e1logo fue informar sobre los resultados de la XIX Conferencia de los Estados Parte (COP19) de la Convenci\u00f3n Marco de Naciones Unidas sobre Cambio Clim\u00e1tico (CMNUCC) y el estado de las negociaciones bajo el Grupo de Trabajo de la Plataforma de Durban, al tiempo de dar a conocer los pr\u00f3ximos eventos y actividades que tendr\u00e1n lugar en el proceso hacia la COP20 de Lima. Todo esto con miras a fortalecer el debate y coordinaci\u00f3n para la continuaci\u00f3n del Di\u00e1logo Nacional durante el presente a\u00f1o.<\/p>\n<p style=\"text-align: justify;\">Andr\u00e9s Hubenthal subsecretario de Cambio Clim\u00e1tico, durante su intervenci\u00f3n manifest\u00f3: \u201cNos hemos comprometido y hemos fortalecido nuestros esfuerzos para preservar los p\u00e1ramos, glaciares, cuencas hidrogr\u00e1ficas y hemos dise\u00f1ado medidas para asegurar la promoci\u00f3n de la agricultura sostenible, la seguridad alimentaria, el manejo sostenible de los suelos y la reducci\u00f3n de la vulnerabilidad y aumento de resiliencia en poblaciones vulnerables al igual que el manejo sostenible y responsable de los bosques.\u201d<\/p>\n<p style=\"text-align: justify;\">Por otro lado, Hubenthal, inform\u00f3 que los avances alcanzados en relaci\u00f3n con los compromisos de pa\u00edses desarrollados de proveer medios de implementaci\u00f3n (financiamiento, tecnolog\u00eda y desarrollo de capacidades) para apoyar las acciones voluntarias de pa\u00edses en desarrollo en materia de mitigaci\u00f3n y adaptaci\u00f3n al cambio clim\u00e1tico, fueron muy d\u00e9biles ya que no se logr\u00f3 establecer una hoja de ruta espec\u00edfica para la provisi\u00f3n de estos recursos, tanto para cerrar la brecha pre-2020 como para alcanzar los objetivos de mitigaci\u00f3n y adaptaci\u00f3n post-2020.<\/p>\n<p style=\"text-align: justify;\">Los participantes\u00a0 se ubicaron cinco mesas de trabajo para dialogar acerca de los grupos\u00a0 que se reunir\u00e1n con miras a emitir una posici\u00f3n nacional consolidada hacia el acuerdo 2015.<\/p>\n","protected":false},"excerpt":{"rendered":"<p class=\"excerpt\">Hoy se realiz\u00f3 el Segundo Di\u00e1logo Nacional sobre Cambio Clim\u00e1tico Hacia un Acuerdo 2015, coorganizado por el Ministerio del Ambiente y Canciller\u00eda. Este di\u00e1logo cont\u00f3 con la participaci\u00f3n de funcionarios de instituciones p\u00fablicas, privadas, sociedad civil, organismos no gubernamentales y academia. El objetivo del di\u00e1logo fue informar sobre los resultados de la XIX Conferencia de los Estados Parte (COP19) de&hellip; <a href=\"https:\/\/www.ambienteyenergia.gob.ec\/ambiente\/mae-co-organiza-el-segundo-dialogo-nacional-sobre-cambio-climatico-hacia-un-acuerdo-2015\/\">Read more &rarr;<\/a><\/p>\n","protected":false},"author":13,"featured_media":19925,"comment_status":"open","ping_status":"open","sticky":false,"template":"","format":"standard","meta":{"footnotes":""},"categories":[16,4],"tags":[],"class_list":["post-19924","post","type-post","status-publish","format-standard","has-post-thumbnail","hentry","category-comunicamos","category-noticias","xfolkentry"],"_links":{"self":[{"href":"https:\/\/www.ambienteyenergia.gob.ec\/ambiente\/wp-json\/wp\/v2\/posts\/19924","targetHints":{"allow":["GET"]}}],"collection":[{"href":"https:\/\/www.ambienteyenergia.gob.ec\/ambiente\/wp-json\/wp\/v2\/posts"}],"about":[{"href":"https:\/\/www.ambienteyenergia.gob.ec\/ambiente\/wp-json\/wp\/v2\/types\/post"}],"author":[{"embeddable":true,"href":"https:\/\/www.ambienteyenergia.gob.ec\/ambiente\/wp-json\/wp\/v2\/users\/13"}],"replies":[{"embeddable":true,"href":"https:\/\/www.ambienteyenergia.gob.ec\/ambiente\/wp-json\/wp\/v2\/comments?post=19924"}],"version-history":[{"count":0,"href":"https:\/\/www.ambienteyenergia.gob.ec\/ambiente\/wp-json\/wp\/v2\/posts\/19924\/revisions"}],"wp:featuredmedia":[{"embeddable":true,"href":"https:\/\/www.ambienteyenergia.gob.ec\/ambiente\/wp-json\/wp\/v2\/media\/19925"}],"wp:attachment":[{"href":"https:\/\/www.ambienteyenergia.gob.ec\/ambiente\/wp-json\/wp\/v2\/media?parent=19924"}],"wp:term":[{"taxonomy":"category","embeddable":true,"href":"https:\/\/www.ambienteyenergia.gob.ec\/ambiente\/wp-json\/wp\/v2\/categories?post=19924"},{"taxonomy":"post_tag","embeddable":true,"href":"https:\/\/www.ambienteyenergia.gob.ec\/ambiente\/wp-json\/wp\/v2\/tags?post=19924"}],"curies":[{"name":"wp","href":"https:\/\/api.w.org\/{rel}","templated":true}]}}