{"id":19916,"date":"2014-05-09T19:04:37","date_gmt":"2014-05-10T00:04:37","guid":{"rendered":"http:\/\/www.ambiente.gob.ec\/?p=19916"},"modified":"2014-05-09T19:04:37","modified_gmt":"2014-05-10T00:04:37","slug":"mae-capacito-a-comuneros-del-recinto-la-union","status":"publish","type":"post","link":"https:\/\/www.ambienteyenergia.gob.ec\/ambiente\/mae-capacito-a-comuneros-del-recinto-la-union\/","title":{"rendered":"MAE capacit\u00f3 a Comuneros del Recinto la Uni\u00f3n"},"content":{"rendered":"<p style=\"text-align: justify;\">\nEl Ministerio del Ambiente (MAE) llev\u00f3 a cabo, en la Casa Comunal del recinto La Uni\u00f3n, dos charlas did\u00e1cticas sobre los recursos naturales, las que fueron disertadas por t\u00e9cnicos de la Unidad de Patrimonio Natural de la Direcci\u00f3n Provincial de Ambiente de Santo Domingo. Adem\u00e1s se proyect\u00f3 un documental sobre recursos h\u00eddricos.<\/p>\n<p>Al taller asistieron alrededor de 20 comuneros, los mismos que vienen trabajando con la Fundaci\u00f3n de Desarrollo y Servicio Comunitario \u201cVertiente de Vida\u201d la misma que facilita asesor\u00eda t\u00e9cnica en agroecolog\u00eda en la zona rural.<\/p>\n<p>Los comuneros conocieron sobre temas como la contaminaci\u00f3n ambiental, las \u00e1reas naturales protegidas, agroforester\u00eda, recursos h\u00eddricos, por lo que se comprometieron a trabajar para reducir su huella ecol\u00f3gica y de esta manera mantener nuestro patrimonio natural.<\/p>\n<p>Los t\u00e9cnicos de esta Cartera de Estado aprovecharon este espacio para promocionar el Plan Nacional de Restauraci\u00f3n del MAE y el \u201cD\u00eda Mundial de las Aves Migratorias\u201d.<\/p>\n<p style=\"text-align: justify;\">\n","protected":false},"excerpt":{"rendered":"<p class=\"excerpt\">El Ministerio del Ambiente (MAE) llev\u00f3 a cabo, en la Casa Comunal del recinto La Uni\u00f3n, dos charlas did\u00e1cticas sobre los recursos naturales, las que fueron disertadas por t\u00e9cnicos de la Unidad de Patrimonio Natural de la Direcci\u00f3n Provincial de Ambiente de Santo Domingo. Adem\u00e1s se proyect\u00f3 un documental sobre recursos h\u00eddricos. Al taller asistieron alrededor de 20 comuneros, los&hellip; <a href=\"https:\/\/www.ambienteyenergia.gob.ec\/ambiente\/mae-capacito-a-comuneros-del-recinto-la-union\/\">Read more &rarr;<\/a><\/p>\n","protected":false},"author":13,"featured_media":19917,"comment_status":"open","ping_status":"open","sticky":false,"template":"","format":"standard","meta":{"footnotes":""},"categories":[16,4],"tags":[],"class_list":["post-19916","post","type-post","status-publish","format-standard","has-post-thumbnail","hentry","category-comunicamos","category-noticias","xfolkentry"],"_links":{"self":[{"href":"https:\/\/www.ambienteyenergia.gob.ec\/ambiente\/wp-json\/wp\/v2\/posts\/19916","targetHints":{"allow":["GET"]}}],"collection":[{"href":"https:\/\/www.ambienteyenergia.gob.ec\/ambiente\/wp-json\/wp\/v2\/posts"}],"about":[{"href":"https:\/\/www.ambienteyenergia.gob.ec\/ambiente\/wp-json\/wp\/v2\/types\/post"}],"author":[{"embeddable":true,"href":"https:\/\/www.ambienteyenergia.gob.ec\/ambiente\/wp-json\/wp\/v2\/users\/13"}],"replies":[{"embeddable":true,"href":"https:\/\/www.ambienteyenergia.gob.ec\/ambiente\/wp-json\/wp\/v2\/comments?post=19916"}],"version-history":[{"count":0,"href":"https:\/\/www.ambienteyenergia.gob.ec\/ambiente\/wp-json\/wp\/v2\/posts\/19916\/revisions"}],"wp:featuredmedia":[{"embeddable":true,"href":"https:\/\/www.ambienteyenergia.gob.ec\/ambiente\/wp-json\/wp\/v2\/media\/19917"}],"wp:attachment":[{"href":"https:\/\/www.ambienteyenergia.gob.ec\/ambiente\/wp-json\/wp\/v2\/media?parent=19916"}],"wp:term":[{"taxonomy":"category","embeddable":true,"href":"https:\/\/www.ambienteyenergia.gob.ec\/ambiente\/wp-json\/wp\/v2\/categories?post=19916"},{"taxonomy":"post_tag","embeddable":true,"href":"https:\/\/www.ambienteyenergia.gob.ec\/ambiente\/wp-json\/wp\/v2\/tags?post=19916"}],"curies":[{"name":"wp","href":"https:\/\/api.w.org\/{rel}","templated":true}]}}