{"id":19912,"date":"2014-05-09T19:01:09","date_gmt":"2014-05-10T00:01:09","guid":{"rendered":"http:\/\/www.ambiente.gob.ec\/?p=19912"},"modified":"2014-05-09T21:55:14","modified_gmt":"2014-05-10T02:55:14","slug":"epoca-invernal-causo-varios-desplazamientos-de-tierra-en-la-reserva-ecologica-mache-chindul","status":"publish","type":"post","link":"https:\/\/www.ambienteyenergia.gob.ec\/ambiente\/epoca-invernal-causo-varios-desplazamientos-de-tierra-en-la-reserva-ecologica-mache-chindul\/","title":{"rendered":"\u00c9poca invernal caus\u00f3 varios desplazamientos de tierra en la Reserva Ecol\u00f3gica Mache Chindul"},"content":{"rendered":"<p style=\"text-align: justify;\">En el mes de abril de 2014, por ser una etapa invernal muy fuerte la administraci\u00f3n de la Reserva Ecol\u00f3gica Mache Chindul, en coordinaci\u00f3n con los guardaparques de la zona Quinind\u00e9 y Cube, realizaron varios recorridos de control y vigilancia por las diferentes zonas del \u00e1rea protegida, especialmente de los senderos de la Laguna de Cube hasta el mirador. Esta actividad permiti\u00f3 evidenciar algunos deslizamientos.<\/p>\n<p style=\"text-align: justify;\">Los dos puentes que conducen a la Comunidad Y de la Laguna son los m\u00e1s afectados por el mal tiempo.<\/p>\n<p style=\"text-align: justify;\">En los recorridos se constat\u00f3, por ejemplo, que en la v\u00eda de acceso a la \u201cY de la Laguna\u201d, los senderos para llegar al r\u00edo Cube y para trasladarse al muelle del espejo de agua, hay un deslizamiento de tierra de aproximadamente 70 metros de largo, por 20 de ancho, lo que dificulta el tr\u00e1nsito y afecta a los visitantes.<\/p>\n<p style=\"text-align: justify;\">Por esta raz\u00f3n, el MAE ha prohibido el ingreso al sendero a los turistas, con el fin de precautelar su bienestar, mientras esta Cartera de Estado junto con la comunidad realizan una minga para su reparaci\u00f3n.<\/p>\n<p style=\"text-align: justify;\">El MAE solicita a la ciudadan\u00eda tomar las debidas precauciones y facilitar la labor de limpieza a los guardaparques del \u00e1rea.<\/p>\n<p style=\"text-align: justify;\"><a href=\"http:\/\/www.ambienteyenergia.gob.ec\/ambiente\/wp-content\/uploads\/2014\/05\/minga-2.jpg\"><img loading=\"lazy\" decoding=\"async\" class=\"aligncenter size-full wp-image-19914\" alt=\"Minga\" src=\"http:\/\/www.ambienteyenergia.gob.ec\/ambiente\/wp-content\/uploads\/2014\/05\/minga-2.jpg\" width=\"650\" height=\"867\" srcset=\"https:\/\/www.ambienteyenergia.gob.ec\/ambiente\/wp-content\/uploads\/sites\/2\/2014\/05\/minga-2.jpg 650w, https:\/\/www.ambienteyenergia.gob.ec\/ambiente\/wp-content\/uploads\/sites\/2\/2014\/05\/minga-2-224x300.jpg 224w\" sizes=\"auto, (max-width: 650px) 100vw, 650px\" \/><\/a><\/p>\n","protected":false},"excerpt":{"rendered":"<p class=\"excerpt\">En el mes de abril de 2014, por ser una etapa invernal muy fuerte la administraci\u00f3n de la Reserva Ecol\u00f3gica Mache Chindul, en coordinaci\u00f3n con los guardaparques de la zona Quinind\u00e9 y Cube, realizaron varios recorridos de control y vigilancia por las diferentes zonas del \u00e1rea protegida, especialmente de los senderos de la Laguna de Cube hasta el mirador. Esta&hellip; <a href=\"https:\/\/www.ambienteyenergia.gob.ec\/ambiente\/epoca-invernal-causo-varios-desplazamientos-de-tierra-en-la-reserva-ecologica-mache-chindul\/\">Read more &rarr;<\/a><\/p>\n","protected":false},"author":13,"featured_media":19913,"comment_status":"open","ping_status":"open","sticky":false,"template":"","format":"standard","meta":{"footnotes":""},"categories":[16,4],"tags":[],"class_list":["post-19912","post","type-post","status-publish","format-standard","has-post-thumbnail","hentry","category-comunicamos","category-noticias","xfolkentry"],"_links":{"self":[{"href":"https:\/\/www.ambienteyenergia.gob.ec\/ambiente\/wp-json\/wp\/v2\/posts\/19912","targetHints":{"allow":["GET"]}}],"collection":[{"href":"https:\/\/www.ambienteyenergia.gob.ec\/ambiente\/wp-json\/wp\/v2\/posts"}],"about":[{"href":"https:\/\/www.ambienteyenergia.gob.ec\/ambiente\/wp-json\/wp\/v2\/types\/post"}],"author":[{"embeddable":true,"href":"https:\/\/www.ambienteyenergia.gob.ec\/ambiente\/wp-json\/wp\/v2\/users\/13"}],"replies":[{"embeddable":true,"href":"https:\/\/www.ambienteyenergia.gob.ec\/ambiente\/wp-json\/wp\/v2\/comments?post=19912"}],"version-history":[{"count":0,"href":"https:\/\/www.ambienteyenergia.gob.ec\/ambiente\/wp-json\/wp\/v2\/posts\/19912\/revisions"}],"wp:featuredmedia":[{"embeddable":true,"href":"https:\/\/www.ambienteyenergia.gob.ec\/ambiente\/wp-json\/wp\/v2\/media\/19913"}],"wp:attachment":[{"href":"https:\/\/www.ambienteyenergia.gob.ec\/ambiente\/wp-json\/wp\/v2\/media?parent=19912"}],"wp:term":[{"taxonomy":"category","embeddable":true,"href":"https:\/\/www.ambienteyenergia.gob.ec\/ambiente\/wp-json\/wp\/v2\/categories?post=19912"},{"taxonomy":"post_tag","embeddable":true,"href":"https:\/\/www.ambienteyenergia.gob.ec\/ambiente\/wp-json\/wp\/v2\/tags?post=19912"}],"curies":[{"name":"wp","href":"https:\/\/api.w.org\/{rel}","templated":true}]}}