{"id":19909,"date":"2014-05-09T16:14:38","date_gmt":"2014-05-09T21:14:38","guid":{"rendered":"http:\/\/www.ambiente.gob.ec\/?p=19909"},"modified":"2014-05-09T16:14:38","modified_gmt":"2014-05-09T21:14:38","slug":"proyecto-pacc-es-ejemplo-de-buenas-practicas-en-adaptacion-para-el-cambio-climatico-en-america-latina","status":"publish","type":"post","link":"https:\/\/www.ambienteyenergia.gob.ec\/ambiente\/proyecto-pacc-es-ejemplo-de-buenas-practicas-en-adaptacion-para-el-cambio-climatico-en-america-latina\/","title":{"rendered":"Proyecto PACC es ejemplo de buenas pr\u00e1cticas en adaptaci\u00f3n para el cambio clim\u00e1tico en Am\u00e9rica Latina"},"content":{"rendered":"<p style=\"text-align: justify;\">Las experiencias adquiridas por el Ministerio del Ambiente (MAE), a trav\u00e9s de su Proyecto de Adaptaci\u00f3n al Cambio Clim\u00e1tico en una efectiva gobernabilidad del Agua en Ecuador (PACC), est\u00e1n catalogadas como un caso exitoso de respuesta frente al fen\u00f3meno clim\u00e1tico actual y representan un importante referente para los pa\u00edses andinos, seg\u00fan una publicaci\u00f3n realizada por el Programa de Cooperaci\u00f3n Regional entre la Uni\u00f3n Europea y Am\u00e9rica Latina Euroclima.<\/p>\n<p style=\"text-align: justify;\">En marzo del 2013, el Bolet\u00edn de Adaptaci\u00f3n al Cambio Clim\u00e1tico, Actualizaci\u00f3n Trimestral de Actividades (CLIMATE CHANGE ADAPTATION BULLETIN. A Quarterly Update of Activities) destaca los resultados obtenidos por el Proyecto PACC, en el que sobresalen las iniciativas ejecutadas por COMUNIDEC en Loja, Universidad T\u00e9cnica Estatal de Quevedo en Mocache y la Junta Parroquial de San Bartolom\u00e9 en Azuay.<\/p>\n<p style=\"text-align: justify;\">En ese sentido, la Ministra del Ambiente, Lorena Tapia, asegura que el PACC tiene como objetivo disminuir la vulnerabilidad del Ecuador al cambio clim\u00e1tico a trav\u00e9s del manejo eficiente de los recursos h\u00eddricos. \u00abA nivel nacional, se busca mejorar la gobernabilidad del recurso h\u00eddrico mediante la incorporaci\u00f3n de los criterios de riesgo clim\u00e1tico en el manejo del recurso y en el proceso de toma de decisiones\u00bb, afirm\u00f3.<\/p>\n<p style=\"text-align: justify;\">El documento producido por la Unidad del PNUD-GEF proporciona una visi\u00f3n general sobre las diferentes actividades de adaptaci\u00f3n al cambio clim\u00e1tico a nivel nacional, subnacional y comunitario. Incluye las \u00faltimas actualizaciones de temas sobre el estado de los proyectos en territorio, las nuevas aprobaciones, indicadores de resultados, los efectos y resultados de los proyectos y anuncios destacados.<\/p>\n<p style=\"text-align: justify;\">Adem\u00e1s, permiti\u00f3 dar a conocer el proyecto PACC \u2013 ECUADOR, sus resultados y las zonas de influencia del mismo, lo que permitir\u00e1 el contacto con personas e instituciones, interesadas en conocer m\u00e1s del proyecto, as\u00ed como la posibilidad de replicar la experiencia en otros sectores.<\/p>\n<p style=\"text-align: justify;\">Por otro lado, en el inventario Adaptaci\u00f3n al Cambio Clim\u00e1tico en Am\u00e9rica Latina rural opciones y lecciones desde el enfoque de medios de vida (libro 4) 2014, publicado por la Direcci\u00f3n General de Desarrollo y Cooperaci\u00f3n de la Comisi\u00f3n Europea, se resaltan los resultados e impactos del PACC en territorio ecuatoriano y se menciona que los proyectos piloto de manejo de agua en microcuencas de la zona andina del pa\u00eds, promovieron estrategias de adaptaci\u00f3n en las cuales los pobladores y los gobiernos locales pudieron aportar diferentes recursos que fortalecieron la protecci\u00f3n de fuentes de agua, los sistemas agr\u00edcolas de producci\u00f3n y la toma de decisiones local.<\/p>\n<p>Usted puede descargar estas publicaciones en los siguientes enlaces:<\/p>\n<ul>\n<li>http:\/\/www.undp-alm.org\/resources\/adaptation-bulletin-12<\/li>\n<li>http:\/\/www.euroclima.org\/es\/servicios-de-informacion\/publicaciones-euroclima\/libros-euroclima<\/li>\n<\/ul>\n<p>&nbsp;<\/p>\n","protected":false},"excerpt":{"rendered":"<p class=\"excerpt\">Las experiencias adquiridas por el Ministerio del Ambiente (MAE), a trav\u00e9s de su Proyecto de Adaptaci\u00f3n al Cambio Clim\u00e1tico en una efectiva gobernabilidad del Agua en Ecuador (PACC), est\u00e1n catalogadas como un caso exitoso de respuesta frente al fen\u00f3meno clim\u00e1tico actual y representan un importante referente para los pa\u00edses andinos, seg\u00fan una publicaci\u00f3n realizada por el Programa de Cooperaci\u00f3n Regional&hellip; <a href=\"https:\/\/www.ambienteyenergia.gob.ec\/ambiente\/proyecto-pacc-es-ejemplo-de-buenas-practicas-en-adaptacion-para-el-cambio-climatico-en-america-latina\/\">Read more &rarr;<\/a><\/p>\n","protected":false},"author":13,"featured_media":19910,"comment_status":"open","ping_status":"open","sticky":false,"template":"","format":"standard","meta":{"footnotes":""},"categories":[16,4],"tags":[53,54,489,383],"class_list":["post-19909","post","type-post","status-publish","format-standard","has-post-thumbnail","hentry","category-comunicamos","category-noticias","tag-mae","tag-ministerio-del-ambiente","tag-pacc","tag-recursos-hidricos","xfolkentry"],"_links":{"self":[{"href":"https:\/\/www.ambienteyenergia.gob.ec\/ambiente\/wp-json\/wp\/v2\/posts\/19909","targetHints":{"allow":["GET"]}}],"collection":[{"href":"https:\/\/www.ambienteyenergia.gob.ec\/ambiente\/wp-json\/wp\/v2\/posts"}],"about":[{"href":"https:\/\/www.ambienteyenergia.gob.ec\/ambiente\/wp-json\/wp\/v2\/types\/post"}],"author":[{"embeddable":true,"href":"https:\/\/www.ambienteyenergia.gob.ec\/ambiente\/wp-json\/wp\/v2\/users\/13"}],"replies":[{"embeddable":true,"href":"https:\/\/www.ambienteyenergia.gob.ec\/ambiente\/wp-json\/wp\/v2\/comments?post=19909"}],"version-history":[{"count":0,"href":"https:\/\/www.ambienteyenergia.gob.ec\/ambiente\/wp-json\/wp\/v2\/posts\/19909\/revisions"}],"wp:featuredmedia":[{"embeddable":true,"href":"https:\/\/www.ambienteyenergia.gob.ec\/ambiente\/wp-json\/wp\/v2\/media\/19910"}],"wp:attachment":[{"href":"https:\/\/www.ambienteyenergia.gob.ec\/ambiente\/wp-json\/wp\/v2\/media?parent=19909"}],"wp:term":[{"taxonomy":"category","embeddable":true,"href":"https:\/\/www.ambienteyenergia.gob.ec\/ambiente\/wp-json\/wp\/v2\/categories?post=19909"},{"taxonomy":"post_tag","embeddable":true,"href":"https:\/\/www.ambienteyenergia.gob.ec\/ambiente\/wp-json\/wp\/v2\/tags?post=19909"}],"curies":[{"name":"wp","href":"https:\/\/api.w.org\/{rel}","templated":true}]}}