{"id":19905,"date":"2014-05-09T11:02:38","date_gmt":"2014-05-09T16:02:38","guid":{"rendered":"http:\/\/www.ambiente.gob.ec\/?p=19905"},"modified":"2014-05-09T11:02:38","modified_gmt":"2014-05-09T16:02:38","slug":"talleres-de-capacitacion-en-la-reserva-ecologica-cotacachi-cayapas","status":"publish","type":"post","link":"https:\/\/www.ambienteyenergia.gob.ec\/ambiente\/talleres-de-capacitacion-en-la-reserva-ecologica-cotacachi-cayapas\/","title":{"rendered":"Talleres de capacitaci\u00f3n en la Reserva Ecol\u00f3gica Cotacachi Cayapas"},"content":{"rendered":"<p style=\"text-align: justify;\">Las \u00e1reas protegidas proporcionan una serie de bienes y servicios ecol\u00f3gicos, naturales y tur\u00edsticos al mismo tiempo que preservan el patrimonio natural y cultural, contribuyen tambi\u00e9n a minimizar los \u00edndices de pobreza, ofreciendo oportunidades de empleo y medios de subsistencia a las personas que viven dentro y alrededor de ellas.<\/p>\n<p style=\"text-align: justify;\">Es por ello que el Ministerio del Ambiente, por medio de la Reserva Ecol\u00f3gica Cotacachi Cayapas iniciar\u00e1 un proceso de capacitaci\u00f3n en talleres de varias tem\u00e1ticas como: Atenci\u00f3n al Usuario, Normas de Visitaci\u00f3n a las \u00c1reas Protegidas, Plan de Manejo de Visitantes y Guianza en el sendero Ruta Sagrada y Centro de Visitantes de la RECC.<\/p>\n<p style=\"text-align: justify;\">El taller se realizar\u00e1 entre el 12 al 15 de mayo y ser\u00e1 dirigido a los miembros de cada una de las comunidades ubicadas en la zona de amortiguamiento y aliados estrat\u00e9gicos (Comit\u00e9 Kuichik Kucha, Aso. Luchando por un porvenir, Aso. de artesanos Lago Cuicocha, Empresa P\u00fablica de Turismo Cotacachi ), para hacerlos participes en los proyectos que la Reserva desarrolla, siendo el Sendero Ruta Sagrada uno de los emprendimientos ambientales de gran potencial tur\u00edstico.<\/p>\n<p>&nbsp;<\/p>\n","protected":false},"excerpt":{"rendered":"<p class=\"excerpt\">Las \u00e1reas protegidas proporcionan una serie de bienes y servicios ecol\u00f3gicos, naturales y tur\u00edsticos al mismo tiempo que preservan el patrimonio natural y cultural, contribuyen tambi\u00e9n a minimizar los \u00edndices de pobreza, ofreciendo oportunidades de empleo y medios de subsistencia a las personas que viven dentro y alrededor de ellas. Es por ello que el Ministerio del Ambiente, por medio&hellip; <a href=\"https:\/\/www.ambienteyenergia.gob.ec\/ambiente\/talleres-de-capacitacion-en-la-reserva-ecologica-cotacachi-cayapas\/\">Read more &rarr;<\/a><\/p>\n","protected":false},"author":13,"featured_media":19906,"comment_status":"open","ping_status":"open","sticky":false,"template":"","format":"standard","meta":{"footnotes":""},"categories":[16,4],"tags":[53,54],"class_list":["post-19905","post","type-post","status-publish","format-standard","has-post-thumbnail","hentry","category-comunicamos","category-noticias","tag-mae","tag-ministerio-del-ambiente","xfolkentry"],"_links":{"self":[{"href":"https:\/\/www.ambienteyenergia.gob.ec\/ambiente\/wp-json\/wp\/v2\/posts\/19905","targetHints":{"allow":["GET"]}}],"collection":[{"href":"https:\/\/www.ambienteyenergia.gob.ec\/ambiente\/wp-json\/wp\/v2\/posts"}],"about":[{"href":"https:\/\/www.ambienteyenergia.gob.ec\/ambiente\/wp-json\/wp\/v2\/types\/post"}],"author":[{"embeddable":true,"href":"https:\/\/www.ambienteyenergia.gob.ec\/ambiente\/wp-json\/wp\/v2\/users\/13"}],"replies":[{"embeddable":true,"href":"https:\/\/www.ambienteyenergia.gob.ec\/ambiente\/wp-json\/wp\/v2\/comments?post=19905"}],"version-history":[{"count":0,"href":"https:\/\/www.ambienteyenergia.gob.ec\/ambiente\/wp-json\/wp\/v2\/posts\/19905\/revisions"}],"wp:featuredmedia":[{"embeddable":true,"href":"https:\/\/www.ambienteyenergia.gob.ec\/ambiente\/wp-json\/wp\/v2\/media\/19906"}],"wp:attachment":[{"href":"https:\/\/www.ambienteyenergia.gob.ec\/ambiente\/wp-json\/wp\/v2\/media?parent=19905"}],"wp:term":[{"taxonomy":"category","embeddable":true,"href":"https:\/\/www.ambienteyenergia.gob.ec\/ambiente\/wp-json\/wp\/v2\/categories?post=19905"},{"taxonomy":"post_tag","embeddable":true,"href":"https:\/\/www.ambienteyenergia.gob.ec\/ambiente\/wp-json\/wp\/v2\/tags?post=19905"}],"curies":[{"name":"wp","href":"https:\/\/api.w.org\/{rel}","templated":true}]}}