{"id":19901,"date":"2014-05-09T10:56:11","date_gmt":"2014-05-09T15:56:11","guid":{"rendered":"http:\/\/www.ambiente.gob.ec\/?p=19901"},"modified":"2014-05-09T10:56:11","modified_gmt":"2014-05-09T15:56:11","slug":"guardaparques-del-llanganates-participan-en-el-i-curso-para-bomberos-forestales","status":"publish","type":"post","link":"https:\/\/www.ambienteyenergia.gob.ec\/ambiente\/guardaparques-del-llanganates-participan-en-el-i-curso-para-bomberos-forestales\/","title":{"rendered":"Guardaparques del Llanganates participan en el I Curso para Bomberos Forestales"},"content":{"rendered":"<p style=\"text-align: justify;\">Guardaparques y t\u00e9cnicos del Parque Nacional Llanganates junto a representantes del Cuerpos de Bomberos de los cantones de salcedo, P\u00edllaro, Patate y Ba\u00f1os participan desde este jueves 08 hasta el s\u00e1bado 10 de mayo, en el I Curso intensivo sobre prevenci\u00f3n, control y liquidaci\u00f3n de incendios forestales.<\/p>\n<p style=\"text-align: justify;\">Este curso para bomberos forestales se desarrolla en las instalaciones de la guardian\u00eda de Control Zunfopamba dentro del \u00e1rea protegida, ubicada en la parroquia de San Jos\u00e9 de Poalo cant\u00f3n P\u00edllaro v\u00eda a Pisayambo.<\/p>\n<p style=\"text-align: justify;\">La jornada de capacitaci\u00f3n se realiza gracias a la iniciativa, apoyo y financiamiento de la organizaci\u00f3n Aves y Conservaci\u00f3n, quienes desarrollan actividades para el cuidado y protecci\u00f3n del Parque Nacional Llanganates y las zonas de amortiguamiento.<\/p>\n<p style=\"text-align: justify;\">Para este evento han gestionado la participaci\u00f3n de Bomberos certificados como el Capit\u00e1n Jorge Soria del Cuerpo de Bomberos de Patate y el sargento Fredy Villavicencio del Cuerpo de Bomberos de Ba\u00f1os de Agua Santa.<\/p>\n<p style=\"text-align: justify;\">Soria explica que la misi\u00f3n del bombero forestal es prevenir, controlar y liquidar incendios forestales con el fin de evitar y disminuir sus consecuencias como la p\u00e9rdida de vidas humanas, de viviendas, ecosistemas y bosques plantados, afectaci\u00f3n a la flora silvestre, \u00e1reas agr\u00edcolas y m\u00e1s da\u00f1os irreparables.<\/p>\n<p style=\"text-align: justify;\">Los participantes a m\u00e1s de recibir informaci\u00f3n te\u00f3rica en base a un manual estandarizado por la Secretar\u00eda de Gesti\u00f3n de Riesgos realizar\u00e1n pr\u00e1cticas para identificar los tipos de incendio, los riesgos y peligros potenciales, adem\u00e1s, aprender\u00e1n a controlar y liquidar los incendios forestales.<\/p>\n<p style=\"text-align: justify;\">Con este curso se pretende mejorar las capacidades, habilidades y destrezas para que el personal t\u00e9cnico y guardaparques de la Direcci\u00f3n Provincial del Ambiente Tungurahua y miembros de los Cuerpos de Bomberos de los cantones cercanos a Llanganates puedan prevenir, mitigar, detectar, organizar y controlar incendios forestales, as\u00ed como ejecutar las tareas en condiciones seguras.<\/p>\n<p>&nbsp;<\/p>\n","protected":false},"excerpt":{"rendered":"<p class=\"excerpt\">Guardaparques y t\u00e9cnicos del Parque Nacional Llanganates junto a representantes del Cuerpos de Bomberos de los cantones de salcedo, P\u00edllaro, Patate y Ba\u00f1os participan desde este jueves 08 hasta el s\u00e1bado 10 de mayo, en el I Curso intensivo sobre prevenci\u00f3n, control y liquidaci\u00f3n de incendios forestales. Este curso para bomberos forestales se desarrolla en las instalaciones de la guardian\u00eda&hellip; <a href=\"https:\/\/www.ambienteyenergia.gob.ec\/ambiente\/guardaparques-del-llanganates-participan-en-el-i-curso-para-bomberos-forestales\/\">Read more &rarr;<\/a><\/p>\n","protected":false},"author":13,"featured_media":19903,"comment_status":"open","ping_status":"open","sticky":false,"template":"","format":"standard","meta":{"footnotes":""},"categories":[16,4],"tags":[82,108,53,54],"class_list":["post-19901","post","type-post","status-publish","format-standard","has-post-thumbnail","hentry","category-comunicamos","category-noticias","tag-incendios-forestales","tag-lorena-tapia","tag-mae","tag-ministerio-del-ambiente","xfolkentry"],"_links":{"self":[{"href":"https:\/\/www.ambienteyenergia.gob.ec\/ambiente\/wp-json\/wp\/v2\/posts\/19901","targetHints":{"allow":["GET"]}}],"collection":[{"href":"https:\/\/www.ambienteyenergia.gob.ec\/ambiente\/wp-json\/wp\/v2\/posts"}],"about":[{"href":"https:\/\/www.ambienteyenergia.gob.ec\/ambiente\/wp-json\/wp\/v2\/types\/post"}],"author":[{"embeddable":true,"href":"https:\/\/www.ambienteyenergia.gob.ec\/ambiente\/wp-json\/wp\/v2\/users\/13"}],"replies":[{"embeddable":true,"href":"https:\/\/www.ambienteyenergia.gob.ec\/ambiente\/wp-json\/wp\/v2\/comments?post=19901"}],"version-history":[{"count":0,"href":"https:\/\/www.ambienteyenergia.gob.ec\/ambiente\/wp-json\/wp\/v2\/posts\/19901\/revisions"}],"wp:featuredmedia":[{"embeddable":true,"href":"https:\/\/www.ambienteyenergia.gob.ec\/ambiente\/wp-json\/wp\/v2\/media\/19903"}],"wp:attachment":[{"href":"https:\/\/www.ambienteyenergia.gob.ec\/ambiente\/wp-json\/wp\/v2\/media?parent=19901"}],"wp:term":[{"taxonomy":"category","embeddable":true,"href":"https:\/\/www.ambienteyenergia.gob.ec\/ambiente\/wp-json\/wp\/v2\/categories?post=19901"},{"taxonomy":"post_tag","embeddable":true,"href":"https:\/\/www.ambienteyenergia.gob.ec\/ambiente\/wp-json\/wp\/v2\/tags?post=19901"}],"curies":[{"name":"wp","href":"https:\/\/api.w.org\/{rel}","templated":true}]}}