{"id":19892,"date":"2014-05-09T10:32:06","date_gmt":"2014-05-09T15:32:06","guid":{"rendered":"http:\/\/www.ambiente.gob.ec\/?p=19892"},"modified":"2014-05-09T13:10:03","modified_gmt":"2014-05-09T18:10:03","slug":"el-barco-galapaface-encallado-en-el-archipielago-no-representa-riesgo-ambiental","status":"publish","type":"post","link":"https:\/\/www.ambienteyenergia.gob.ec\/ambiente\/el-barco-galapaface-encallado-en-el-archipielago-no-representa-riesgo-ambiental\/","title":{"rendered":"El barco Galapaface, encallado en el archipi\u00e9lago, no representa riesgo ambiental"},"content":{"rendered":"<p style=\"text-align: justify;\">El barco de carga Galapaface se encall\u00f3 esta madrugada en la costa de San Crist\u00f3bal, a la salida de Bah\u00eda Naufragio. Hasta el momento, no hay registro de v\u00edctimas humanas ni da\u00f1os ambientales.<\/p>\n<p style=\"text-align: justify;\">Inmediatamente conocido el hecho, el Comit\u00e9 de Operaciones de Emergencia (COE) se reuni\u00f3 para establecer los lineamientos ante esta posible crisis ambiental. El Ministerio del Ambiente, a trav\u00e9s de la Direcci\u00f3n del Parque Nacional Gal\u00e1pagos, realiz\u00f3 la inspecci\u00f3n del casco de la nave y pudo confirmar que la parte que est\u00e1 sobre las rocas, est\u00e1 distante de las boyas de almacenamiento de combustible, por lo que por el momento no representa un riesgo ambiental.<\/p>\n<p style=\"text-align: justify;\">Sin embargo, el COE coordina acciones para elaborar un plan de contingencia ante la posibilidad de que el casco sufriera una fractura que permita la salida de los 16 mil galones de diesel que lleva en sus boyas.<\/p>\n<p style=\"text-align: justify;\">Por ahora se est\u00e1 evacuando la carga para hacer la nave m\u00e1s liviana y esperar que la marea alta pueda contribuir a que la embarcaci\u00f3n salga de su encallamiento.<\/p>\n<p style=\"text-align: justify;\">El MAE se mantendr\u00e1 vigilante y seguir\u00e1 informando de los acontecimientos.<\/p>\n<p>&nbsp;<\/p>\n","protected":false},"excerpt":{"rendered":"<p class=\"excerpt\">El barco de carga Galapaface se encall\u00f3 esta madrugada en la costa de San Crist\u00f3bal, a la salida de Bah\u00eda Naufragio. Hasta el momento, no hay registro de v\u00edctimas humanas ni da\u00f1os ambientales. Inmediatamente conocido el hecho, el Comit\u00e9 de Operaciones de Emergencia (COE) se reuni\u00f3 para establecer los lineamientos ante esta posible crisis ambiental. El Ministerio del Ambiente, a&hellip; <a href=\"https:\/\/www.ambienteyenergia.gob.ec\/ambiente\/el-barco-galapaface-encallado-en-el-archipielago-no-representa-riesgo-ambiental\/\">Read more &rarr;<\/a><\/p>\n","protected":false},"author":13,"featured_media":19838,"comment_status":"open","ping_status":"open","sticky":false,"template":"","format":"standard","meta":{"footnotes":""},"categories":[16,4],"tags":[56,108,53,54],"class_list":["post-19892","post","type-post","status-publish","format-standard","has-post-thumbnail","hentry","category-comunicamos","category-noticias","tag-galapagos","tag-lorena-tapia","tag-mae","tag-ministerio-del-ambiente","xfolkentry"],"_links":{"self":[{"href":"https:\/\/www.ambienteyenergia.gob.ec\/ambiente\/wp-json\/wp\/v2\/posts\/19892","targetHints":{"allow":["GET"]}}],"collection":[{"href":"https:\/\/www.ambienteyenergia.gob.ec\/ambiente\/wp-json\/wp\/v2\/posts"}],"about":[{"href":"https:\/\/www.ambienteyenergia.gob.ec\/ambiente\/wp-json\/wp\/v2\/types\/post"}],"author":[{"embeddable":true,"href":"https:\/\/www.ambienteyenergia.gob.ec\/ambiente\/wp-json\/wp\/v2\/users\/13"}],"replies":[{"embeddable":true,"href":"https:\/\/www.ambienteyenergia.gob.ec\/ambiente\/wp-json\/wp\/v2\/comments?post=19892"}],"version-history":[{"count":0,"href":"https:\/\/www.ambienteyenergia.gob.ec\/ambiente\/wp-json\/wp\/v2\/posts\/19892\/revisions"}],"wp:featuredmedia":[{"embeddable":true,"href":"https:\/\/www.ambienteyenergia.gob.ec\/ambiente\/wp-json\/wp\/v2\/media\/19838"}],"wp:attachment":[{"href":"https:\/\/www.ambienteyenergia.gob.ec\/ambiente\/wp-json\/wp\/v2\/media?parent=19892"}],"wp:term":[{"taxonomy":"category","embeddable":true,"href":"https:\/\/www.ambienteyenergia.gob.ec\/ambiente\/wp-json\/wp\/v2\/categories?post=19892"},{"taxonomy":"post_tag","embeddable":true,"href":"https:\/\/www.ambienteyenergia.gob.ec\/ambiente\/wp-json\/wp\/v2\/tags?post=19892"}],"curies":[{"name":"wp","href":"https:\/\/api.w.org\/{rel}","templated":true}]}}