{"id":19882,"date":"2014-05-09T09:53:39","date_gmt":"2014-05-09T14:53:39","guid":{"rendered":"http:\/\/www.ambiente.gob.ec\/?p=19882"},"modified":"2014-05-09T09:53:39","modified_gmt":"2014-05-09T14:53:39","slug":"mae-imbabura-realizo-la-limpieza-de-un-parque-en-la-ciudadela-san-jose","status":"publish","type":"post","link":"https:\/\/www.ambienteyenergia.gob.ec\/ambiente\/mae-imbabura-realizo-la-limpieza-de-un-parque-en-la-ciudadela-san-jose\/","title":{"rendered":"MAE Imbabura realiz\u00f3 la limpieza de un parque en la ciudadela San Jos\u00e9"},"content":{"rendered":"<p style=\"text-align: justify;\">Como un aporte a la comunidad y con el fin de recuperar los espacios verdes, a trav\u00e9s de la gesti\u00f3n de desechos s\u00f3lidos en la provincia de Imbabura.<\/p>\n<p style=\"text-align: justify;\">El Ministerio del Ambiente (MAE), a trav\u00e9s de los j\u00f3venes voluntarios, realiz\u00f3 la limpieza en el parque de la ciudadela San Jos\u00e9, en el cant\u00f3n Antonio Ante, el cual se encontraba abandonado y olvidado por sus habitantes y por la acumulaci\u00f3n de basura y hierba.<\/p>\n<p style=\"text-align: justify;\">Los voluntarios del proyecto SCC con el objetivo de la conservaci\u00f3n y cuidado del ambiente, realizaron la recolecci\u00f3n de 200kg. de basura y la limpieza de las aceras. Mejorando de esta manera la imagen y preservaci\u00f3n de este espacio de recreaci\u00f3n, donde ni\u00f1os, j\u00f3venes y adultos se dan cita las tardes para disfrutar de los juegos infantiles y canchas deportivas.<\/p>\n<p style=\"text-align: justify;\">La comunidad felicit\u00f3 la labor de esta Cartera de Estado, en el marco del cuidado y conservaci\u00f3n de espacios verdes y patrimonio natural de la provincia, bajo los principios del Buen Vivir para lograr un Ecuador m\u00e1s Verde.<\/p>\n<p>&nbsp;<\/p>\n","protected":false},"excerpt":{"rendered":"<p class=\"excerpt\">Como un aporte a la comunidad y con el fin de recuperar los espacios verdes, a trav\u00e9s de la gesti\u00f3n de desechos s\u00f3lidos en la provincia de Imbabura. El Ministerio del Ambiente (MAE), a trav\u00e9s de los j\u00f3venes voluntarios, realiz\u00f3 la limpieza en el parque de la ciudadela San Jos\u00e9, en el cant\u00f3n Antonio Ante, el cual se encontraba abandonado&hellip; <a href=\"https:\/\/www.ambienteyenergia.gob.ec\/ambiente\/mae-imbabura-realizo-la-limpieza-de-un-parque-en-la-ciudadela-san-jose\/\">Read more &rarr;<\/a><\/p>\n","protected":false},"author":13,"featured_media":19883,"comment_status":"open","ping_status":"open","sticky":false,"template":"","format":"standard","meta":{"footnotes":""},"categories":[16,4],"tags":[486,53,54],"class_list":["post-19882","post","type-post","status-publish","format-standard","has-post-thumbnail","hentry","category-comunicamos","category-noticias","tag-limpieza-parques","tag-mae","tag-ministerio-del-ambiente","xfolkentry"],"_links":{"self":[{"href":"https:\/\/www.ambienteyenergia.gob.ec\/ambiente\/wp-json\/wp\/v2\/posts\/19882","targetHints":{"allow":["GET"]}}],"collection":[{"href":"https:\/\/www.ambienteyenergia.gob.ec\/ambiente\/wp-json\/wp\/v2\/posts"}],"about":[{"href":"https:\/\/www.ambienteyenergia.gob.ec\/ambiente\/wp-json\/wp\/v2\/types\/post"}],"author":[{"embeddable":true,"href":"https:\/\/www.ambienteyenergia.gob.ec\/ambiente\/wp-json\/wp\/v2\/users\/13"}],"replies":[{"embeddable":true,"href":"https:\/\/www.ambienteyenergia.gob.ec\/ambiente\/wp-json\/wp\/v2\/comments?post=19882"}],"version-history":[{"count":0,"href":"https:\/\/www.ambienteyenergia.gob.ec\/ambiente\/wp-json\/wp\/v2\/posts\/19882\/revisions"}],"wp:featuredmedia":[{"embeddable":true,"href":"https:\/\/www.ambienteyenergia.gob.ec\/ambiente\/wp-json\/wp\/v2\/media\/19883"}],"wp:attachment":[{"href":"https:\/\/www.ambienteyenergia.gob.ec\/ambiente\/wp-json\/wp\/v2\/media?parent=19882"}],"wp:term":[{"taxonomy":"category","embeddable":true,"href":"https:\/\/www.ambienteyenergia.gob.ec\/ambiente\/wp-json\/wp\/v2\/categories?post=19882"},{"taxonomy":"post_tag","embeddable":true,"href":"https:\/\/www.ambienteyenergia.gob.ec\/ambiente\/wp-json\/wp\/v2\/tags?post=19882"}],"curies":[{"name":"wp","href":"https:\/\/api.w.org\/{rel}","templated":true}]}}