{"id":19877,"date":"2014-05-09T08:46:33","date_gmt":"2014-05-09T13:46:33","guid":{"rendered":"http:\/\/www.ambiente.gob.ec\/?p=19877"},"modified":"2014-05-09T08:46:33","modified_gmt":"2014-05-09T13:46:33","slug":"mae-recibe-capacitacion-en-temas-de-seguridad-para-erradicacion-de-actividades-de-mineria-ilegal","status":"publish","type":"post","link":"https:\/\/www.ambienteyenergia.gob.ec\/ambiente\/mae-recibe-capacitacion-en-temas-de-seguridad-para-erradicacion-de-actividades-de-mineria-ilegal\/","title":{"rendered":"MAE recibe capacitaci\u00f3n en temas de seguridad para erradicaci\u00f3n de actividades de miner\u00eda ilegal"},"content":{"rendered":"<p style=\"text-align: justify;\">El Ministerio del Ambiente (MAE), por medio de su equipo t\u00e9cnico y multidisciplinario del Programa de Reparaci\u00f3n Ambiental y Social (PRAS), particip\u00f3 en la capacitaci\u00f3n te\u00f3rica-pr\u00e1ctica sobre normas b\u00e1sicas de supervivencia y seguridad para la ejecuci\u00f3n de operativos de control de actividades de miner\u00eda ilegal en el Ecuador. El curso se desarroll\u00f3 en la Brigada de Fuerzas Especiales No. 9 Patria, en la ciudad de la Latacunga; y en la Brigada de Artiller\u00eda No. 27 Portete, en Cuenca.<\/p>\n<p style=\"text-align: justify;\">Durante las jornadas de trabajo funcionarios del MAE y de la Agencia de Regulaci\u00f3n y Control Minero (ARCOM), conocieron sobre el procedimiento y realizaron actividades como instalaci\u00f3n de campamentos \u201cvivac\u201d, t\u00e9cnicas de defensa personal (contra armas blancas y personas agresivas), primeros auxilios, t\u00e9cnicas de embarque y desembarque de helic\u00f3pteros, supervivencia (obtenci\u00f3n y preparaci\u00f3n de alimentos, obtenci\u00f3n de agua, trampa caza de animales y pesca), orientaci\u00f3n en carta con y sin br\u00fajula y cultura f\u00edsica.<\/p>\n<p style=\"text-align: justify;\">El taller dirigido por el Grupo Especial de Comandos de las Fuerzas Armadas desarrolla diferentes destrezas en el personal t\u00e9cnico del MAE y ARCOM con la finalidad de salvaguardar la integridad f\u00edsica y emocional, de los funcionarios involucrados en estas actividades, frente a condiciones adversas que se pueden presentar en la ejecuci\u00f3n de operativos para la erradicaci\u00f3n de la miner\u00eda ilegal en el pa\u00eds.<\/p>\n<p style=\"text-align: justify;\">Desde el 2011, el Gobierno Nacional promueve varias medidas para combatir esta actividad il\u00edcita, debido a que las malas pr\u00e1cticas de extracci\u00f3n minera ocasionan graves efectos tanto al ecosistema, como a la salud de las poblaciones de las zonas aleda\u00f1as.<\/p>\n<p style=\"text-align: justify;\">El MAE, a trav\u00e9s de la Unidad de Miner\u00eda Ilegal del PRAS, cuenta con seis peritos ambientales acreditados, que fortalecen el trabajo de la Fiscal\u00eda en las investigaciones por presuntos delitos ambientales.<\/p>\n<p>&nbsp;<\/p>\n<p>&nbsp;<\/p>\n","protected":false},"excerpt":{"rendered":"<p class=\"excerpt\">El Ministerio del Ambiente (MAE), por medio de su equipo t\u00e9cnico y multidisciplinario del Programa de Reparaci\u00f3n Ambiental y Social (PRAS), particip\u00f3 en la capacitaci\u00f3n te\u00f3rica-pr\u00e1ctica sobre normas b\u00e1sicas de supervivencia y seguridad para la ejecuci\u00f3n de operativos de control de actividades de miner\u00eda ilegal en el Ecuador. El curso se desarroll\u00f3 en la Brigada de Fuerzas Especiales No. 9&hellip; <a href=\"https:\/\/www.ambienteyenergia.gob.ec\/ambiente\/mae-recibe-capacitacion-en-temas-de-seguridad-para-erradicacion-de-actividades-de-mineria-ilegal\/\">Read more &rarr;<\/a><\/p>\n","protected":false},"author":13,"featured_media":19878,"comment_status":"open","ping_status":"open","sticky":false,"template":"","format":"standard","meta":{"footnotes":""},"categories":[16,4],"tags":[108,53,125,54],"class_list":["post-19877","post","type-post","status-publish","format-standard","has-post-thumbnail","hentry","category-comunicamos","category-noticias","tag-lorena-tapia","tag-mae","tag-mineria","tag-ministerio-del-ambiente","xfolkentry"],"_links":{"self":[{"href":"https:\/\/www.ambienteyenergia.gob.ec\/ambiente\/wp-json\/wp\/v2\/posts\/19877","targetHints":{"allow":["GET"]}}],"collection":[{"href":"https:\/\/www.ambienteyenergia.gob.ec\/ambiente\/wp-json\/wp\/v2\/posts"}],"about":[{"href":"https:\/\/www.ambienteyenergia.gob.ec\/ambiente\/wp-json\/wp\/v2\/types\/post"}],"author":[{"embeddable":true,"href":"https:\/\/www.ambienteyenergia.gob.ec\/ambiente\/wp-json\/wp\/v2\/users\/13"}],"replies":[{"embeddable":true,"href":"https:\/\/www.ambienteyenergia.gob.ec\/ambiente\/wp-json\/wp\/v2\/comments?post=19877"}],"version-history":[{"count":0,"href":"https:\/\/www.ambienteyenergia.gob.ec\/ambiente\/wp-json\/wp\/v2\/posts\/19877\/revisions"}],"wp:featuredmedia":[{"embeddable":true,"href":"https:\/\/www.ambienteyenergia.gob.ec\/ambiente\/wp-json\/wp\/v2\/media\/19878"}],"wp:attachment":[{"href":"https:\/\/www.ambienteyenergia.gob.ec\/ambiente\/wp-json\/wp\/v2\/media?parent=19877"}],"wp:term":[{"taxonomy":"category","embeddable":true,"href":"https:\/\/www.ambienteyenergia.gob.ec\/ambiente\/wp-json\/wp\/v2\/categories?post=19877"},{"taxonomy":"post_tag","embeddable":true,"href":"https:\/\/www.ambienteyenergia.gob.ec\/ambiente\/wp-json\/wp\/v2\/tags?post=19877"}],"curies":[{"name":"wp","href":"https:\/\/api.w.org\/{rel}","templated":true}]}}