{"id":19874,"date":"2014-05-09T08:26:38","date_gmt":"2014-05-09T13:26:38","guid":{"rendered":"http:\/\/www.ambiente.gob.ec\/?p=19874"},"modified":"2014-05-09T08:26:38","modified_gmt":"2014-05-09T13:26:38","slug":"con-musica-danza-y-una-dramatizacion-se-celebro-el-dia-mundial-de-las-aves-migratorias-en-napo","status":"publish","type":"post","link":"https:\/\/www.ambienteyenergia.gob.ec\/ambiente\/con-musica-danza-y-una-dramatizacion-se-celebro-el-dia-mundial-de-las-aves-migratorias-en-napo\/","title":{"rendered":"Con m\u00fasica, danza y una dramatizaci\u00f3n se celebr\u00f3 el D\u00eda Mundial de las Aves Migratorias en Napo"},"content":{"rendered":"<p style=\"text-align: justify;\">En el marco de la conmemoraci\u00f3n del D\u00eda Mundial de las Aves Migratorias, el Ministerio del Ambiente (MAE), a trav\u00e9s de la Direcci\u00f3n Provincial de Napo y en coordinaci\u00f3n con promotores ambientales comunitarios de Jatun Sumaco, realiz\u00f3 varias actividades l\u00fadicas bajo el lema \u201c<b>Destino Rutas A\u00e9reas: Aves Migratorias y Turismo<\/b>\u201d, entre ellas, una dramatizaci\u00f3n dirigida a 43 alumnos de sexto y s\u00e9ptimo a\u00f1o de educaci\u00f3n b\u00e1sica de la escuela Almindariz, ubicada en la zona de\u00a0 influencia del \u00e1rea protegida. El objetivo\u00a0 de esta jornada fue sensibilizar y motivar a los ni\u00f1os sobre la importancia de proteger a todas las aves y las otras especies silvestres que conviven en este gran ecosistema de bosque h\u00famedo tropical.<\/p>\n<p style=\"text-align: justify;\">El mensaje de la actividad se centr\u00f3 en la conservaci\u00f3n de la especie Reinita Cer\u00falea, ave migratoria que viaja desde el\u00a0 noreste de Am\u00e9rica del Norte hasta la zona del Parque Nacional Sumaco Napo-Galeras. \u00c9ste ejemplar se traslada hacia los bosques tropicales de Ecuador, entre los meses de noviembre y marzo, en busca de abrigo y alimento.<\/p>\n<p style=\"text-align: justify;\">De la misma forma, se tiene planificado realizar capacitaciones en las zonas de la Reserva Ecol\u00f3gica Antisana y el cant\u00f3n Chaco para realzar y reafirmar en las poblaciones de esta zona\u00a0 los v\u00ednculos\u00a0 existentes\u00a0 entre la conservaci\u00f3n de las aves migratorias, el desarrollo de la comunidad local y el turismo de observaci\u00f3n de vida silvestre.<\/p>\n<p style=\"text-align: justify;\">La Secretar\u00eda\u00a0 de la Convenci\u00f3n sobre la\u00a0 Conservaci\u00f3n de las Especies Migratorias de Animales Silvestres (CMS) cada a\u00f1o promulga la celebraci\u00f3n y ejecuci\u00f3n de campa\u00f1as de concienciaci\u00f3n y educaci\u00f3n ambiental entre la poblaci\u00f3n, con el fin de conservar estas especies migratorias y garantizar su existencia.<\/p>\n","protected":false},"excerpt":{"rendered":"<p class=\"excerpt\">En el marco de la conmemoraci\u00f3n del D\u00eda Mundial de las Aves Migratorias, el Ministerio del Ambiente (MAE), a trav\u00e9s de la Direcci\u00f3n Provincial de Napo y en coordinaci\u00f3n con promotores ambientales comunitarios de Jatun Sumaco, realiz\u00f3 varias actividades l\u00fadicas bajo el lema \u201cDestino Rutas A\u00e9reas: Aves Migratorias y Turismo\u201d, entre ellas, una dramatizaci\u00f3n dirigida a 43 alumnos de sexto&hellip; <a href=\"https:\/\/www.ambienteyenergia.gob.ec\/ambiente\/con-musica-danza-y-una-dramatizacion-se-celebro-el-dia-mundial-de-las-aves-migratorias-en-napo\/\">Read more &rarr;<\/a><\/p>\n","protected":false},"author":13,"featured_media":19875,"comment_status":"open","ping_status":"open","sticky":false,"template":"","format":"standard","meta":{"footnotes":""},"categories":[16,4],"tags":[],"class_list":["post-19874","post","type-post","status-publish","format-standard","has-post-thumbnail","hentry","category-comunicamos","category-noticias","xfolkentry"],"_links":{"self":[{"href":"https:\/\/www.ambienteyenergia.gob.ec\/ambiente\/wp-json\/wp\/v2\/posts\/19874","targetHints":{"allow":["GET"]}}],"collection":[{"href":"https:\/\/www.ambienteyenergia.gob.ec\/ambiente\/wp-json\/wp\/v2\/posts"}],"about":[{"href":"https:\/\/www.ambienteyenergia.gob.ec\/ambiente\/wp-json\/wp\/v2\/types\/post"}],"author":[{"embeddable":true,"href":"https:\/\/www.ambienteyenergia.gob.ec\/ambiente\/wp-json\/wp\/v2\/users\/13"}],"replies":[{"embeddable":true,"href":"https:\/\/www.ambienteyenergia.gob.ec\/ambiente\/wp-json\/wp\/v2\/comments?post=19874"}],"version-history":[{"count":0,"href":"https:\/\/www.ambienteyenergia.gob.ec\/ambiente\/wp-json\/wp\/v2\/posts\/19874\/revisions"}],"wp:featuredmedia":[{"embeddable":true,"href":"https:\/\/www.ambienteyenergia.gob.ec\/ambiente\/wp-json\/wp\/v2\/media\/19875"}],"wp:attachment":[{"href":"https:\/\/www.ambienteyenergia.gob.ec\/ambiente\/wp-json\/wp\/v2\/media?parent=19874"}],"wp:term":[{"taxonomy":"category","embeddable":true,"href":"https:\/\/www.ambienteyenergia.gob.ec\/ambiente\/wp-json\/wp\/v2\/categories?post=19874"},{"taxonomy":"post_tag","embeddable":true,"href":"https:\/\/www.ambienteyenergia.gob.ec\/ambiente\/wp-json\/wp\/v2\/tags?post=19874"}],"curies":[{"name":"wp","href":"https:\/\/api.w.org\/{rel}","templated":true}]}}