{"id":19869,"date":"2014-05-08T19:24:23","date_gmt":"2014-05-09T00:24:23","guid":{"rendered":"http:\/\/www.ambiente.gob.ec\/?p=19869"},"modified":"2014-05-09T10:53:21","modified_gmt":"2014-05-09T15:53:21","slug":"ibarra-la-segunda-ciudad-en-latinoamerica-donde-se-respira-el-aire-mas-puro","status":"publish","type":"post","link":"https:\/\/www.ambienteyenergia.gob.ec\/ambiente\/ibarra-la-segunda-ciudad-en-latinoamerica-donde-se-respira-el-aire-mas-puro\/","title":{"rendered":"Ibarra, la segunda ciudad en Latinoam\u00e9rica donde se respira el aire m\u00e1s puro"},"content":{"rendered":"<p style=\"text-align: justify;\">Seg\u00fan un estudio de la Organizaci\u00f3n Mundial de la Salud, la ciudad de Ibarra es la segunda en Latinoam\u00e9rica en la que sus habitantes respiran el aire m\u00e1s puro. La primera ciudad es Salvador de Bah\u00eda de Brasil.<\/p>\n<p style=\"text-align: justify;\">En este contexto, por medio de la gesti\u00f3n de la Ministra de Ambiente Lorena Tapia, esta Cartera de Estado ejecuta el Plan Nacional de la Calidad del aire (PCNA), instrumento que tiene como objetivo una gesti\u00f3n adecuada de la calidad del aire para proteger la salud de la poblaci\u00f3n, los recursos naturales y el patrimonio cultural del Ecuador.<\/p>\n<p style=\"text-align: justify;\">A nivel mundial los inventarios de emisiones a la atm\u00f3sfera son reconocidos como un instrumento estrat\u00e9gico para la gesti\u00f3n de la calidad del aire, es indispensable disponer de informaci\u00f3n confiable sobre las emisiones, determinar los tipos de fuentes de emisiones, cantidades de contaminantes emitidos, caracter\u00edsticas temporales y espaciales de fuentes o sus entes de control.<\/p>\n<p style=\"text-align: justify;\">En tal virtud en el a\u00f1o 2013 el MAE public\u00f3 el Inventario Preliminar de las Emisiones de Contaminantes del Aire, de los cantones Ambato, Riobamba, Santo Domingo de los Colorados, Latacunga, Ibarra, Manta, Portoviejo, Esmeraldas y Milagro, Proyecto Calidad del Aire III, a\u00f1o base 2010, con la finalidad de proporcionar informaci\u00f3n clave sobre el patr\u00f3n de emisiones y sobre su distribuci\u00f3n espacial y temporal.<\/p>\n<p style=\"text-align: justify;\">Consciente de la importancia y de su responsabilidad en la gesti\u00f3n de la calidad del aire, esta Cartera de Estado, promueve el uso de \u00e9sta y otras herramientas con el objetivo de alcanzar un mejor entendimiento de los problemas de la contaminaci\u00f3n atmosf\u00e9rica.<\/p>\n<p style=\"text-align: justify;\">El informe sobre la calidad del aire en 1 600 ciudades de 91 pa\u00edses, presentado por la Organizaci\u00f3n Mundial de la Salud (OMS) revela que m\u00e1s de la mitad de la poblaci\u00f3n mundial reside en urbes con \u00edndices de poluci\u00f3n 2,5 veces mayor a lo recomendado por este organismo. Adem\u00e1s se conoci\u00f3 que s\u00f3lo el 12% de la poblaci\u00f3n mundial que reside en ciudades respira aire limpio.<\/p>\n<p style=\"text-align: justify;\"><strong>Se puede descargar el <a href=\"http:\/\/www.ambienteyenergia.gob.ec\/ambiente\/wp-content\/uploads\/downloads\/2014\/05\/Libro-Resumen-Inventario-13-02-2014-prensa.pdf\">Inventario Preliminar de las Emisiones de Contaminantes del Aire<\/a><\/strong><\/p>\n","protected":false},"excerpt":{"rendered":"<p class=\"excerpt\">Seg\u00fan un estudio de la Organizaci\u00f3n Mundial de la Salud, la ciudad de Ibarra es la segunda en Latinoam\u00e9rica en la que sus habitantes respiran el aire m\u00e1s puro. La primera ciudad es Salvador de Bah\u00eda de Brasil. En este contexto, por medio de la gesti\u00f3n de la Ministra de Ambiente Lorena Tapia, esta Cartera de Estado ejecuta el Plan&hellip; <a href=\"https:\/\/www.ambienteyenergia.gob.ec\/ambiente\/ibarra-la-segunda-ciudad-en-latinoamerica-donde-se-respira-el-aire-mas-puro\/\">Read more &rarr;<\/a><\/p>\n","protected":false},"author":13,"featured_media":19870,"comment_status":"open","ping_status":"open","sticky":false,"template":"","format":"standard","meta":{"footnotes":""},"categories":[16,4],"tags":[485,133,108,53],"class_list":["post-19869","post","type-post","status-publish","format-standard","has-post-thumbnail","hentry","category-comunicamos","category-noticias","tag-aire","tag-cambio-climatico","tag-lorena-tapia","tag-mae","xfolkentry"],"_links":{"self":[{"href":"https:\/\/www.ambienteyenergia.gob.ec\/ambiente\/wp-json\/wp\/v2\/posts\/19869","targetHints":{"allow":["GET"]}}],"collection":[{"href":"https:\/\/www.ambienteyenergia.gob.ec\/ambiente\/wp-json\/wp\/v2\/posts"}],"about":[{"href":"https:\/\/www.ambienteyenergia.gob.ec\/ambiente\/wp-json\/wp\/v2\/types\/post"}],"author":[{"embeddable":true,"href":"https:\/\/www.ambienteyenergia.gob.ec\/ambiente\/wp-json\/wp\/v2\/users\/13"}],"replies":[{"embeddable":true,"href":"https:\/\/www.ambienteyenergia.gob.ec\/ambiente\/wp-json\/wp\/v2\/comments?post=19869"}],"version-history":[{"count":0,"href":"https:\/\/www.ambienteyenergia.gob.ec\/ambiente\/wp-json\/wp\/v2\/posts\/19869\/revisions"}],"wp:featuredmedia":[{"embeddable":true,"href":"https:\/\/www.ambienteyenergia.gob.ec\/ambiente\/wp-json\/wp\/v2\/media\/19870"}],"wp:attachment":[{"href":"https:\/\/www.ambienteyenergia.gob.ec\/ambiente\/wp-json\/wp\/v2\/media?parent=19869"}],"wp:term":[{"taxonomy":"category","embeddable":true,"href":"https:\/\/www.ambienteyenergia.gob.ec\/ambiente\/wp-json\/wp\/v2\/categories?post=19869"},{"taxonomy":"post_tag","embeddable":true,"href":"https:\/\/www.ambienteyenergia.gob.ec\/ambiente\/wp-json\/wp\/v2\/tags?post=19869"}],"curies":[{"name":"wp","href":"https:\/\/api.w.org\/{rel}","templated":true}]}}