{"id":19866,"date":"2014-05-08T19:09:32","date_gmt":"2014-05-09T00:09:32","guid":{"rendered":"http:\/\/www.ambiente.gob.ec\/?p=19866"},"modified":"2014-05-08T19:09:32","modified_gmt":"2014-05-09T00:09:32","slug":"mae-y-mccth-acuerdan-acciones-conjuntas-de-trabajo-en-biodiversidad","status":"publish","type":"post","link":"https:\/\/www.ambienteyenergia.gob.ec\/ambiente\/mae-y-mccth-acuerdan-acciones-conjuntas-de-trabajo-en-biodiversidad\/","title":{"rendered":"MAE y MCCTH  acuerdan acciones conjuntas de trabajo en biodiversidad"},"content":{"rendered":"<p style=\"text-align: justify;\">Hoy, la Ministra del Ambiente, Lorena Tapia, se reuni\u00f3 con el Ministro Coordinador de Conocimiento y Talento Humano, Guillaume Long, con el prop\u00f3sito de concretar acciones para la conservaci\u00f3n e investigaci\u00f3n de la biodiversidad, espec\u00edficamente se acordaron l\u00edneas para la implementaci\u00f3n del Instituto Nacional de Biodiversidad y de la Reserva Biol\u00f3gica Colonso Chalupas.<\/p>\n<p style=\"text-align: justify;\">En este sentido, se convocar\u00e1 al <strong>Primer Directorio del Instituto Nacional de Biodiversidad<\/strong>, conformado por la Autoridad Ambiental Nacional, el MCCTH como delegado del Presidente de la Rep\u00fablica y Senescyt.<\/p>\n<p style=\"text-align: justify;\">El Instituto Nacional de Biodiversidad tiene como objetivo planificar, promover, coordinar y ejecutar procesos de investigaci\u00f3n relacionados al campo de la biodiversidad, orientados a la conservaci\u00f3n y aprovechamiento sostenible de este recurso estrat\u00e9gico, de acuerdo a las pol\u00edticas ambientales existentes y la normativa legal aplicable.<\/p>\n<p style=\"text-align: justify;\">El Instituto, adscrito al Ministerio del Ambiente, se encargar\u00e1 de generar el conocimiento y desarrollar ciencia, tecnolog\u00eda e innovaci\u00f3n que requiere el Estado ecuatoriano para garantizar la conservaci\u00f3n de su patrimonio natural.<\/p>\n<p style=\"text-align: justify;\">Durante este primer Directorio de alto nivel, se presentar\u00e1n temas relacionados con el modelo de gesti\u00f3n, estructura org\u00e1nica, agenda de investigaci\u00f3n, articulaci\u00f3n con la universidad IKIAM, Yachay y otros aspectos relacionados con la absorci\u00f3n del Museo ecuatoriano de ciencias naturales.<\/p>\n<p style=\"text-align: justify;\">La Ministra Tapia asegur\u00f3 que \u201ca trav\u00e9s del Instituto Nacional de Biodiversidad se podr\u00e1 articular y potenciar todas las iniciativas nacionales de investigaci\u00f3n y monitoreo de la biodiversidad y particularmente se enfatiz\u00f3 en la importancia que ha llevado este proceso en la articulaci\u00f3n de las tres carteras de Estado armonizando este hito nacional con los procesos hist\u00f3ricos que lleva a cabo la revoluci\u00f3n ciudadana como son el cambio de matriz productiva y la gesti\u00f3n del conocimiento\u201d.<\/p>\n<p style=\"text-align: justify;\"><strong>Sobre la Reserva Biol\u00f3gica Colonso Chalupas e Ikiam y el INB<\/strong><\/p>\n<p style=\"text-align: justify;\">Asimismo, como parte de la reuni\u00f3n oficial, ambos Ministros hablaron sobre la importancia de la Reserva Biol\u00f3gica \u201cColonso \u2013 Chalupas\u201d como un espacio de investigaci\u00f3n y desarrollo cient\u00edfico para la futura Universidad Amaz\u00f3nica Ikiam.<\/p>\n<p style=\"text-align: justify;\">Los ministros acordaron en la suscripci\u00f3n de un Convenio de manejo participativo \/ comanejo para el \u00e1rea protegida, as\u00ed como la construcci\u00f3n conjunta del correspondiente Plan de manejo donde se establecer\u00e1n las l\u00edneas de articulaci\u00f3n con el Instituto Nacional de Biodiversidad . Este es un nuevo hito cumplido por la M\u00e1xima Autoridad Ambiental en beneficio del fortalecimiento de la gesti\u00f3n en el Ecuador y un significativo aporte al cambio de matriz productiva.<\/p>\n","protected":false},"excerpt":{"rendered":"<p class=\"excerpt\">Hoy, la Ministra del Ambiente, Lorena Tapia, se reuni\u00f3 con el Ministro Coordinador de Conocimiento y Talento Humano, Guillaume Long, con el prop\u00f3sito de concretar acciones para la conservaci\u00f3n e investigaci\u00f3n de la biodiversidad, espec\u00edficamente se acordaron l\u00edneas para la implementaci\u00f3n del Instituto Nacional de Biodiversidad y de la Reserva Biol\u00f3gica Colonso Chalupas. En este sentido, se convocar\u00e1 al Primer&hellip; <a href=\"https:\/\/www.ambienteyenergia.gob.ec\/ambiente\/mae-y-mccth-acuerdan-acciones-conjuntas-de-trabajo-en-biodiversidad\/\">Read more &rarr;<\/a><\/p>\n","protected":false},"author":13,"featured_media":19867,"comment_status":"open","ping_status":"open","sticky":false,"template":"","format":"standard","meta":{"footnotes":""},"categories":[16,4],"tags":[403,450,484,483,108,53],"class_list":["post-19866","post","type-post","status-publish","format-standard","has-post-thumbnail","hentry","category-comunicamos","category-noticias","tag-biodiversidad","tag-guillaume-long","tag-ikiam","tag-instituto-nacional-de-biodiversidad","tag-lorena-tapia","tag-mae","xfolkentry"],"_links":{"self":[{"href":"https:\/\/www.ambienteyenergia.gob.ec\/ambiente\/wp-json\/wp\/v2\/posts\/19866","targetHints":{"allow":["GET"]}}],"collection":[{"href":"https:\/\/www.ambienteyenergia.gob.ec\/ambiente\/wp-json\/wp\/v2\/posts"}],"about":[{"href":"https:\/\/www.ambienteyenergia.gob.ec\/ambiente\/wp-json\/wp\/v2\/types\/post"}],"author":[{"embeddable":true,"href":"https:\/\/www.ambienteyenergia.gob.ec\/ambiente\/wp-json\/wp\/v2\/users\/13"}],"replies":[{"embeddable":true,"href":"https:\/\/www.ambienteyenergia.gob.ec\/ambiente\/wp-json\/wp\/v2\/comments?post=19866"}],"version-history":[{"count":0,"href":"https:\/\/www.ambienteyenergia.gob.ec\/ambiente\/wp-json\/wp\/v2\/posts\/19866\/revisions"}],"wp:featuredmedia":[{"embeddable":true,"href":"https:\/\/www.ambienteyenergia.gob.ec\/ambiente\/wp-json\/wp\/v2\/media\/19867"}],"wp:attachment":[{"href":"https:\/\/www.ambienteyenergia.gob.ec\/ambiente\/wp-json\/wp\/v2\/media?parent=19866"}],"wp:term":[{"taxonomy":"category","embeddable":true,"href":"https:\/\/www.ambienteyenergia.gob.ec\/ambiente\/wp-json\/wp\/v2\/categories?post=19866"},{"taxonomy":"post_tag","embeddable":true,"href":"https:\/\/www.ambienteyenergia.gob.ec\/ambiente\/wp-json\/wp\/v2\/tags?post=19866"}],"curies":[{"name":"wp","href":"https:\/\/api.w.org\/{rel}","templated":true}]}}