{"id":19855,"date":"2014-05-08T15:38:16","date_gmt":"2014-05-08T20:38:16","guid":{"rendered":"http:\/\/www.ambiente.gob.ec\/?p=19855"},"modified":"2014-05-08T15:55:46","modified_gmt":"2014-05-08T20:55:46","slug":"igm-entrego-al-mae-el-atlas-geografico-ambiental","status":"publish","type":"post","link":"https:\/\/www.ambienteyenergia.gob.ec\/ambiente\/igm-entrego-al-mae-el-atlas-geografico-ambiental\/","title":{"rendered":"IGM entreg\u00f3 al MAE el Atlas Geogr\u00e1fico Ambiental"},"content":{"rendered":"<p style=\"text-align: justify;\">Hoy, el Ministerio del Ambiente (MAE) particip\u00f3 en la Sesi\u00f3n Solemne por los 86 a\u00f1os del Instituto Geogr\u00e1fico Militar (IGM), que se desarroll\u00f3 en el Planetario de la instituci\u00f3n,\u00a0en Quito. Como parte del acto oficial, la Ministra de Defensa, Mar\u00eda Fernanda Espinosa, entreg\u00f3 a la Ministra del Ambiente, Lorena Tapia,\u00a0un ejemplar del Atlas Geogr\u00e1fico Ambiental, herramienta que contiene informaci\u00f3n importante sobre la geograf\u00eda ambiental, acciones ligadas a la poblaci\u00f3n y actividades vinculadas con los recursos renovables y no renovables del pa\u00eds.<\/p>\n<p style=\"text-align: justify;\">El Ecuador es parte de uno de los pa\u00edses m\u00e1s megadiversos del mundo donde las acciones hacia el ambiente constituyen una problem\u00e1tica actual, con repercusiones cada vez mayores, debido a factores relacionados a fen\u00f3menos como el cambio clim\u00e1tico, asentamientos humanos desordenados y el crecimiento poblacional.<\/p>\n<p style=\"text-align: justify;\">En su intervenci\u00f3n, la Ministra de Defensa Mar\u00eda Fernanda Espinosa asegur\u00f3 que los ecuatorianos tienen el para\u00edso al alcance de las manos. \u00abTocamos el cielo desde los andes, gozamos de las aguas maravillosas de nuestros oc\u00e9anos, bajamos a la selva m\u00e1gica, \u00fanica e incomparable y tenemos a las Islas Gal\u00e1pagos, joya de la naturaleza. Pero estas maravillas representan una gran responsabilidad\u00bb.<\/p>\n<p style=\"text-align: justify;\">A partir de esta realidad el IGM ha trabajado en el Atlas Geogr\u00e1fico Ambiental del Ecuador, que conjuga informaci\u00f3n tem\u00e1tica referente a la geograf\u00eda del ambiente,\u00a0 procesos de deforestaci\u00f3n, avances de la frontera agr\u00edcola, incremento de \u00e1reas con problemas de desertificaci\u00f3n, incremento poblacional en \u00e1reas propensas a riesgos naturales en tr\u00f3picos, uso de la tierra, contaminaci\u00f3n del aire y agua, entre otros.<\/p>\n<p style=\"text-align: justify;\">El Atlas Geogr\u00e1fico Ambiental Electr\u00f3nico, que integra de manera sencilla datos geogr\u00e1ficos, documentos, im\u00e1genes y estad\u00edsticas en forma de una publicaci\u00f3n multimedia, es una herramienta que servir\u00e1 de consulta para profesionales,\u00a0 estudiantes y p\u00fablico en general.<\/p>\n<p style=\"text-align: justify;\">Toda la informaci\u00f3n registrada est\u00e1 encaminada espec\u00edficamente a un diagn\u00f3stico de tipo inventario del ambiente natural, de los recursos naturales y del ambiente humano del pa\u00eds. En ese sentido, la Ministra del Ambiente, Lorena Tapia, ratific\u00f3 su apoyo a este tipo de iniciativas. \u00abEl Atlas constituye un instrumento fundamental y de car\u00e1cter oficial que facilitar\u00e1 la investigaci\u00f3n acad\u00e9mica y ayudar\u00e1 a las autoridades tomadoras de decisiones\u00bb.<\/p>\n<p style=\"text-align: justify;\"><a href=\"http:\/\/www.ambienteyenergia.gob.ec\/ambiente\/wp-content\/uploads\/2014\/05\/02.jpg\"><img loading=\"lazy\" decoding=\"async\" class=\"aligncenter size-full wp-image-19857\" alt=\"IGM entreg\u00f3 al MAE el Atlas Geogr\u00e1fico Ambiental\" src=\"http:\/\/www.ambienteyenergia.gob.ec\/ambiente\/wp-content\/uploads\/2014\/05\/02.jpg\" width=\"650\" height=\"433\" srcset=\"https:\/\/www.ambienteyenergia.gob.ec\/ambiente\/wp-content\/uploads\/sites\/2\/2014\/05\/02.jpg 650w, https:\/\/www.ambienteyenergia.gob.ec\/ambiente\/wp-content\/uploads\/sites\/2\/2014\/05\/02-300x199.jpg 300w, https:\/\/www.ambienteyenergia.gob.ec\/ambiente\/wp-content\/uploads\/sites\/2\/2014\/05\/02-450x300.jpg 450w\" sizes=\"auto, (max-width: 650px) 100vw, 650px\" \/><\/a><\/p>\n","protected":false},"excerpt":{"rendered":"<p class=\"excerpt\">Hoy, el Ministerio del Ambiente (MAE) particip\u00f3 en la Sesi\u00f3n Solemne por los 86 a\u00f1os del Instituto Geogr\u00e1fico Militar (IGM), que se desarroll\u00f3 en el Planetario de la instituci\u00f3n,\u00a0en Quito. Como parte del acto oficial, la Ministra de Defensa, Mar\u00eda Fernanda Espinosa, entreg\u00f3 a la Ministra del Ambiente, Lorena Tapia,\u00a0un ejemplar del Atlas Geogr\u00e1fico Ambiental, herramienta que contiene informaci\u00f3n importante&hellip; <a href=\"https:\/\/www.ambienteyenergia.gob.ec\/ambiente\/igm-entrego-al-mae-el-atlas-geografico-ambiental\/\">Read more &rarr;<\/a><\/p>\n","protected":false},"author":13,"featured_media":19856,"comment_status":"open","ping_status":"open","sticky":false,"template":"","format":"standard","meta":{"footnotes":""},"categories":[16,4],"tags":[],"class_list":["post-19855","post","type-post","status-publish","format-standard","has-post-thumbnail","hentry","category-comunicamos","category-noticias","xfolkentry"],"_links":{"self":[{"href":"https:\/\/www.ambienteyenergia.gob.ec\/ambiente\/wp-json\/wp\/v2\/posts\/19855","targetHints":{"allow":["GET"]}}],"collection":[{"href":"https:\/\/www.ambienteyenergia.gob.ec\/ambiente\/wp-json\/wp\/v2\/posts"}],"about":[{"href":"https:\/\/www.ambienteyenergia.gob.ec\/ambiente\/wp-json\/wp\/v2\/types\/post"}],"author":[{"embeddable":true,"href":"https:\/\/www.ambienteyenergia.gob.ec\/ambiente\/wp-json\/wp\/v2\/users\/13"}],"replies":[{"embeddable":true,"href":"https:\/\/www.ambienteyenergia.gob.ec\/ambiente\/wp-json\/wp\/v2\/comments?post=19855"}],"version-history":[{"count":0,"href":"https:\/\/www.ambienteyenergia.gob.ec\/ambiente\/wp-json\/wp\/v2\/posts\/19855\/revisions"}],"wp:featuredmedia":[{"embeddable":true,"href":"https:\/\/www.ambienteyenergia.gob.ec\/ambiente\/wp-json\/wp\/v2\/media\/19856"}],"wp:attachment":[{"href":"https:\/\/www.ambienteyenergia.gob.ec\/ambiente\/wp-json\/wp\/v2\/media?parent=19855"}],"wp:term":[{"taxonomy":"category","embeddable":true,"href":"https:\/\/www.ambienteyenergia.gob.ec\/ambiente\/wp-json\/wp\/v2\/categories?post=19855"},{"taxonomy":"post_tag","embeddable":true,"href":"https:\/\/www.ambienteyenergia.gob.ec\/ambiente\/wp-json\/wp\/v2\/tags?post=19855"}],"curies":[{"name":"wp","href":"https:\/\/api.w.org\/{rel}","templated":true}]}}