{"id":19851,"date":"2014-05-08T11:16:07","date_gmt":"2014-05-08T16:16:07","guid":{"rendered":"http:\/\/www.ambiente.gob.ec\/?p=19851"},"modified":"2014-05-08T11:16:38","modified_gmt":"2014-05-08T16:16:38","slug":"cambio-climatico-un-eje-transversal-en-el-sector-agricola","status":"publish","type":"post","link":"https:\/\/www.ambienteyenergia.gob.ec\/ambiente\/cambio-climatico-un-eje-transversal-en-el-sector-agricola\/","title":{"rendered":"Cambio clim\u00e1tico, un eje transversal en el sector agr\u00edcola"},"content":{"rendered":"<p style=\"text-align: justify;\">El Ministerio del Ambiente (MAE), a trav\u00e9s de la Subsecretar\u00eda de Cambio Clim\u00e1tico organiz\u00f3 una Mesa de Trabajo con el objetivo de actualizar el avance de las actividades y presentar el Plan Nacional de Cambio Clim\u00e1tico (PNCC) al Ministerio de Agricultura, Ganader\u00eda, Acuacultura y Pesca (MAGAP).\u00a0 Adem\u00e1s se trabaja sobre el inventario de Gases de Efecto Invernadero y en la Tercera Comunicaci\u00f3n Nacional de Cambio Clim\u00e1tico.<\/p>\n<p style=\"text-align: justify;\">La bienvenida estuvo a cargo de Lisseth Moreira, directora de Preinversi\u00f3n y Cooperaci\u00f3n Nacional e Internacional del MAGAP, quien reconoci\u00f3 los esfuerzos de esta instituci\u00f3n para incorporar en sus proyectos el componente de cambio clim\u00e1tico y expuso los resultados de la Mesa de Trabajo. Resalt\u00f3 la participaci\u00f3n de esa Cartera de Estado por medio de apoyo t\u00e9cnico para la elaboraci\u00f3n del Plan y, para finalizar, mencion\u00f3 que su prioridad es la adaptaci\u00f3n, por lo que el trabajo se concentrar\u00e1 en fortalecer las capacidades de los t\u00e9cnicos.<\/p>\n<p style=\"text-align: justify;\">Por otro lado, en su intervenci\u00f3n Emilio Cobo, funcionario de la Subsecretaria de Cambio Clim\u00e1tico, present\u00f3 el Plan Nacional de Cambio Clim\u00e1tico (PNCC) como un elemento de acci\u00f3n de la Estrategia Nacional de Cambio Clim\u00e1tico (ENCC). Adicionalmente dio a conocer los cuatro sectores involucrados en el PNCC y sus dos ejes transversales profundizando la explicaci\u00f3n de las medidas y acciones del sector agr\u00edcola. Adem\u00e1s detall\u00f3 el apoyo que brindar\u00e1 el MAE para la implementaci\u00f3n de las medidas y acciones a trav\u00e9s de la cooperaci\u00f3n del programa PROCAMB\u00cdO de la Cooperaci\u00f3n T\u00e9cnica Alemana (GIZ).<\/p>\n<p style=\"text-align: justify;\">Para terminar se revis\u00f3 con varios grupos de trabajo, el esquema propuesto en la Gu\u00eda de Buenos Principios Agr\u00edcolas. Esta gu\u00eda de cambio clim\u00e1tico recibi\u00f3 la retroalimentaci\u00f3n de los participantes y servir\u00e1 como una herramienta contemplada en el Plan Nacional para el fortalecimiento de capacidades a nivel territorial.<\/p>\n","protected":false},"excerpt":{"rendered":"<p class=\"excerpt\">El Ministerio del Ambiente (MAE), a trav\u00e9s de la Subsecretar\u00eda de Cambio Clim\u00e1tico organiz\u00f3 una Mesa de Trabajo con el objetivo de actualizar el avance de las actividades y presentar el Plan Nacional de Cambio Clim\u00e1tico (PNCC) al Ministerio de Agricultura, Ganader\u00eda, Acuacultura y Pesca (MAGAP).\u00a0 Adem\u00e1s se trabaja sobre el inventario de Gases de Efecto Invernadero y en la&hellip; <a href=\"https:\/\/www.ambienteyenergia.gob.ec\/ambiente\/cambio-climatico-un-eje-transversal-en-el-sector-agricola\/\">Read more &rarr;<\/a><\/p>\n","protected":false},"author":13,"featured_media":19852,"comment_status":"open","ping_status":"open","sticky":false,"template":"","format":"standard","meta":{"footnotes":""},"categories":[16,4],"tags":[],"class_list":["post-19851","post","type-post","status-publish","format-standard","has-post-thumbnail","hentry","category-comunicamos","category-noticias","xfolkentry"],"_links":{"self":[{"href":"https:\/\/www.ambienteyenergia.gob.ec\/ambiente\/wp-json\/wp\/v2\/posts\/19851","targetHints":{"allow":["GET"]}}],"collection":[{"href":"https:\/\/www.ambienteyenergia.gob.ec\/ambiente\/wp-json\/wp\/v2\/posts"}],"about":[{"href":"https:\/\/www.ambienteyenergia.gob.ec\/ambiente\/wp-json\/wp\/v2\/types\/post"}],"author":[{"embeddable":true,"href":"https:\/\/www.ambienteyenergia.gob.ec\/ambiente\/wp-json\/wp\/v2\/users\/13"}],"replies":[{"embeddable":true,"href":"https:\/\/www.ambienteyenergia.gob.ec\/ambiente\/wp-json\/wp\/v2\/comments?post=19851"}],"version-history":[{"count":0,"href":"https:\/\/www.ambienteyenergia.gob.ec\/ambiente\/wp-json\/wp\/v2\/posts\/19851\/revisions"}],"wp:featuredmedia":[{"embeddable":true,"href":"https:\/\/www.ambienteyenergia.gob.ec\/ambiente\/wp-json\/wp\/v2\/media\/19852"}],"wp:attachment":[{"href":"https:\/\/www.ambienteyenergia.gob.ec\/ambiente\/wp-json\/wp\/v2\/media?parent=19851"}],"wp:term":[{"taxonomy":"category","embeddable":true,"href":"https:\/\/www.ambienteyenergia.gob.ec\/ambiente\/wp-json\/wp\/v2\/categories?post=19851"},{"taxonomy":"post_tag","embeddable":true,"href":"https:\/\/www.ambienteyenergia.gob.ec\/ambiente\/wp-json\/wp\/v2\/tags?post=19851"}],"curies":[{"name":"wp","href":"https:\/\/api.w.org\/{rel}","templated":true}]}}