{"id":19843,"date":"2014-05-07T17:04:21","date_gmt":"2014-05-07T22:04:21","guid":{"rendered":"http:\/\/www.ambiente.gob.ec\/?p=19843"},"modified":"2014-05-07T22:55:13","modified_gmt":"2014-05-08T03:55:13","slug":"programa-socio-bosque-es-un-referente-ambiental-en-america-latina","status":"publish","type":"post","link":"https:\/\/www.ambienteyenergia.gob.ec\/ambiente\/programa-socio-bosque-es-un-referente-ambiental-en-america-latina\/","title":{"rendered":"Programa Socio Bosque es un referente ambiental en Am\u00e9rica Latina"},"content":{"rendered":"<p style=\"text-align: justify;\">El Programa de incentivos Socio Bosque del Ministerio del Ambiente (MAE) ha sido catalogado como un caso de \u00e9xito en un estudio sobre pol\u00edticas y respuestas de cambio clim\u00e1tico y degradaci\u00f3n de los suelos en Am\u00e9rica Latina.<\/p>\n<p style=\"text-align: justify;\">La publicaci\u00f3n realizada por el Programa de Cooperaci\u00f3n Regional entre la Uni\u00f3n Europea y Am\u00e9rica Latina Euroclima, toma en cuenta al Programa Socio Bosque del MAE como un caso ecuatoriano ambiental de buenas pr\u00e1cticas relacionadas a la implementaci\u00f3n de mecanismos financieros vinculados con el manejo de servicios ambientales.<\/p>\n<p style=\"text-align: justify;\">El titular de la Subsecretar\u00eda de Patrimonio Natural del MAE, Christian Ter\u00e1n, explica que esta iniciativa forma parte de una estrategia integral de esta Cartera de Estado relacionada a mejorar y recuperar los recursos naturales y ecosistemas.<\/p>\n<p style=\"text-align: justify;\">El Programa Socio Bosque cuenta en la actualidad con m\u00faltiples componentes como: conservaci\u00f3n, restauraci\u00f3n, biocomercio, legalizaci\u00f3n de tierras, entre otros.<\/p>\n<p style=\"text-align: justify;\">\u00abEl Gobierno Nacional no escatima esfuerzos para mejorar nuestra realidad forestal. Hoy la conservaci\u00f3n y la recuperaci\u00f3n de nuestros bosques y p\u00e1ramos forman parte de la estrategia ambiental del Buen Vivir\u00bb, se\u00f1ala Ter\u00e1n.<\/p>\n<p style=\"text-align: justify;\">Por su parte, Max Lascano, Gerente de Socio Bosque, recalca el involucramiento de las comunidades y habitantes de los bosques como principales actores en la conservaci\u00f3n y recuperaci\u00f3n de estos espacios.<\/p>\n<p style=\"text-align: justify;\">El Programa Socio Bosque del MAE es una iniciativa que nace en el a\u00f1o 2008 y promueve la conservaci\u00f3n y recuperaci\u00f3n integral de bosques y p\u00e1ramos nativos en todo el pa\u00eds. Seg\u00fan estad\u00edsticas del Ministerio del Ambiente, en la actualidad esta iniciativa conserva cerca de 1 mill\u00f3n 197 mil hect\u00e1reas de bosques y beneficia a alrededor de 159 mil ciudadanos y ciudadanas.<\/p>\n<p>Euroclima es un Programa que lo promueve la Uni\u00f3n Europea y Am\u00e9rica Latina que busca ayudar en la mejora del conocimiento entre la comunidad cient\u00edfica de Am\u00e9rica Latina sobre los problemas y consecuencias del cambio clim\u00e1tico, para incorporar este tema en estrategias de\u00a0desarrollo sostenible.<\/p>\n<p style=\"text-align: justify;\">Para descargar la publicaci\u00f3n de Euroclima clilk <a href=\"http:\/\/www.euroclima.org\/images\/ET3_Web.pdf\">aqui<\/a><\/p>\n","protected":false},"excerpt":{"rendered":"<p class=\"excerpt\">El Programa de incentivos Socio Bosque del Ministerio del Ambiente (MAE) ha sido catalogado como un caso de \u00e9xito en un estudio sobre pol\u00edticas y respuestas de cambio clim\u00e1tico y degradaci\u00f3n de los suelos en Am\u00e9rica Latina. La publicaci\u00f3n realizada por el Programa de Cooperaci\u00f3n Regional entre la Uni\u00f3n Europea y Am\u00e9rica Latina Euroclima, toma en cuenta al Programa Socio&hellip; <a href=\"https:\/\/www.ambienteyenergia.gob.ec\/ambiente\/programa-socio-bosque-es-un-referente-ambiental-en-america-latina\/\">Read more &rarr;<\/a><\/p>\n","protected":false},"author":13,"featured_media":19846,"comment_status":"open","ping_status":"open","sticky":false,"template":"","format":"standard","meta":{"footnotes":""},"categories":[16,4],"tags":[],"class_list":["post-19843","post","type-post","status-publish","format-standard","has-post-thumbnail","hentry","category-comunicamos","category-noticias","xfolkentry"],"_links":{"self":[{"href":"https:\/\/www.ambienteyenergia.gob.ec\/ambiente\/wp-json\/wp\/v2\/posts\/19843","targetHints":{"allow":["GET"]}}],"collection":[{"href":"https:\/\/www.ambienteyenergia.gob.ec\/ambiente\/wp-json\/wp\/v2\/posts"}],"about":[{"href":"https:\/\/www.ambienteyenergia.gob.ec\/ambiente\/wp-json\/wp\/v2\/types\/post"}],"author":[{"embeddable":true,"href":"https:\/\/www.ambienteyenergia.gob.ec\/ambiente\/wp-json\/wp\/v2\/users\/13"}],"replies":[{"embeddable":true,"href":"https:\/\/www.ambienteyenergia.gob.ec\/ambiente\/wp-json\/wp\/v2\/comments?post=19843"}],"version-history":[{"count":0,"href":"https:\/\/www.ambienteyenergia.gob.ec\/ambiente\/wp-json\/wp\/v2\/posts\/19843\/revisions"}],"wp:featuredmedia":[{"embeddable":true,"href":"https:\/\/www.ambienteyenergia.gob.ec\/ambiente\/wp-json\/wp\/v2\/media\/19846"}],"wp:attachment":[{"href":"https:\/\/www.ambienteyenergia.gob.ec\/ambiente\/wp-json\/wp\/v2\/media?parent=19843"}],"wp:term":[{"taxonomy":"category","embeddable":true,"href":"https:\/\/www.ambienteyenergia.gob.ec\/ambiente\/wp-json\/wp\/v2\/categories?post=19843"},{"taxonomy":"post_tag","embeddable":true,"href":"https:\/\/www.ambienteyenergia.gob.ec\/ambiente\/wp-json\/wp\/v2\/tags?post=19843"}],"curies":[{"name":"wp","href":"https:\/\/api.w.org\/{rel}","templated":true}]}}