{"id":19840,"date":"2014-05-07T17:00:03","date_gmt":"2014-05-07T22:00:03","guid":{"rendered":"http:\/\/www.ambiente.gob.ec\/?p=19840"},"modified":"2014-05-08T15:43:12","modified_gmt":"2014-05-08T20:43:12","slug":"operadores-de-pesca-vivencial-apoyan-limpieza-costera-en-san-cristobal-galapagos","status":"publish","type":"post","link":"https:\/\/www.ambienteyenergia.gob.ec\/ambiente\/operadores-de-pesca-vivencial-apoyan-limpieza-costera-en-san-cristobal-galapagos\/","title":{"rendered":"Operadores de pesca vivencial apoyan limpieza costera en San Crist\u00f3bal (Gal\u00e1pagos)"},"content":{"rendered":"<p style=\"text-align: justify;\"><i>Por efecto de las corrientes, la parte sur de esta isla, recibe gran cantidad de basura proveniente de otras partes del mundo.<\/i><i><\/i><\/p>\n<p style=\"text-align: justify;\">La zona sur este de la isla San Crist\u00f3bal, en Gal\u00e1pagos, constantemente se ve afectada por la presencia de basura en sus orillas, proveniente de otras partes del mundo, que por efectos de las corrientes es arrastrada hasta esta parte del archipi\u00e9lago, por lo que el Ministerio del Ambiente a trav\u00e9s de la\u00a0 Direcci\u00f3n del Parque Nacional Gal\u00e1pagos, realiza peri\u00f3dicas limpiezas costeras en el \u00e1rea.<\/p>\n<p style=\"text-align: justify;\">En una de las \u00faltimas acciones, unos 15 guardaparques de la Unidad T\u00e9cnica San Crist\u00f3bal, con el apoyo de los operadores de Pesca Vivencial, limpiaron los sitios Montones de Arena y Rosa Blanca, al sur este de la isla, este \u00faltimo considerado lugar de descanso dentro de esta actividad tur\u00edstica.<\/p>\n<p style=\"text-align: justify;\">Luego de una ma\u00f1ana de trabajo, se recogi\u00f3 aproximadamente una tonelada de desechos, de los cuales 660 kilogramos corresponde a material no reciclable. Un dato importante fue la recolecci\u00f3n de 2 435 botellas pl\u00e1sticas.<\/p>\n<p style=\"text-align: justify;\">\u201cEn Gal\u00e1pagos no solo luchamos por la correcta disposici\u00f3n final de los desechos que se generan en los centros poblados, sino tambi\u00e9n por aquellos que provienen de otras partes del mundo, causando impactos en nuestros ecosistemas\u201d, afirm\u00f3 Carlos Ortega, responsable de la actividad.<\/p>\n<p style=\"text-align: justify;\">La basura recolectada fue tra\u00edda en dos embarcaciones de pesca vivencial a Puerto Baquerizo Moreno, cabecera cantonal de la isla San Crist\u00f3bal, para recibir el tratamiento correspondiente.<\/p>\n","protected":false},"excerpt":{"rendered":"<p class=\"excerpt\">Por efecto de las corrientes, la parte sur de esta isla, recibe gran cantidad de basura proveniente de otras partes del mundo. La zona sur este de la isla San Crist\u00f3bal, en Gal\u00e1pagos, constantemente se ve afectada por la presencia de basura en sus orillas, proveniente de otras partes del mundo, que por efectos de las corrientes es arrastrada hasta&hellip; <a href=\"https:\/\/www.ambienteyenergia.gob.ec\/ambiente\/operadores-de-pesca-vivencial-apoyan-limpieza-costera-en-san-cristobal-galapagos\/\">Read more &rarr;<\/a><\/p>\n","protected":false},"author":13,"featured_media":19841,"comment_status":"open","ping_status":"open","sticky":false,"template":"","format":"standard","meta":{"footnotes":""},"categories":[16,4],"tags":[],"class_list":["post-19840","post","type-post","status-publish","format-standard","has-post-thumbnail","hentry","category-comunicamos","category-noticias","xfolkentry"],"_links":{"self":[{"href":"https:\/\/www.ambienteyenergia.gob.ec\/ambiente\/wp-json\/wp\/v2\/posts\/19840","targetHints":{"allow":["GET"]}}],"collection":[{"href":"https:\/\/www.ambienteyenergia.gob.ec\/ambiente\/wp-json\/wp\/v2\/posts"}],"about":[{"href":"https:\/\/www.ambienteyenergia.gob.ec\/ambiente\/wp-json\/wp\/v2\/types\/post"}],"author":[{"embeddable":true,"href":"https:\/\/www.ambienteyenergia.gob.ec\/ambiente\/wp-json\/wp\/v2\/users\/13"}],"replies":[{"embeddable":true,"href":"https:\/\/www.ambienteyenergia.gob.ec\/ambiente\/wp-json\/wp\/v2\/comments?post=19840"}],"version-history":[{"count":0,"href":"https:\/\/www.ambienteyenergia.gob.ec\/ambiente\/wp-json\/wp\/v2\/posts\/19840\/revisions"}],"wp:featuredmedia":[{"embeddable":true,"href":"https:\/\/www.ambienteyenergia.gob.ec\/ambiente\/wp-json\/wp\/v2\/media\/19841"}],"wp:attachment":[{"href":"https:\/\/www.ambienteyenergia.gob.ec\/ambiente\/wp-json\/wp\/v2\/media?parent=19840"}],"wp:term":[{"taxonomy":"category","embeddable":true,"href":"https:\/\/www.ambienteyenergia.gob.ec\/ambiente\/wp-json\/wp\/v2\/categories?post=19840"},{"taxonomy":"post_tag","embeddable":true,"href":"https:\/\/www.ambienteyenergia.gob.ec\/ambiente\/wp-json\/wp\/v2\/tags?post=19840"}],"curies":[{"name":"wp","href":"https:\/\/api.w.org\/{rel}","templated":true}]}}