{"id":19826,"date":"2014-05-07T14:52:26","date_gmt":"2014-05-07T19:52:26","guid":{"rendered":"http:\/\/www.ambiente.gob.ec\/?p=19826"},"modified":"2014-05-07T14:53:05","modified_gmt":"2014-05-07T19:53:05","slug":"mae-loja-rescata-especimen-de-silvestre","status":"publish","type":"post","link":"https:\/\/www.ambienteyenergia.gob.ec\/ambiente\/mae-loja-rescata-especimen-de-silvestre\/","title":{"rendered":"MAE Loja rescata esp\u00e9cimen de silvestre"},"content":{"rendered":"<style type=\"text\/css\"><!--\nP { margin-bottom: 0.21cm; }\n--><\/style>\n<p style=\"text-align: justify;\">En un operativo realizado por T\u00e9cnicos de Vida Silvestre de La Direcci\u00f3n Provincial del Ambiente de Loja y la Unidad de Protecci\u00f3n del Medio Ambiente (UPMA), en atenci\u00f3n a una denuncia, rescat\u00f3 un esp\u00e9cimen de vida silvestre lora amaz\u00f3nica (Amazona amaz\u00f3nica) que se encontraba en cautiverio en un domicilio ubicado en el barrio Celi Rom\u00e1n, parroquia Sucre Cant\u00f3n y provincia de Loja.<\/p>\n<p style=\"text-align: justify;\">\nEl esp\u00e9cimen se encontraba en una jaula construida de malla met\u00e1lica, luego de la verificaci\u00f3n, se dio a conocer a la propietaria sobre la prohibici\u00f3n de tenencia de espec\u00edmenes de vida silvestre en cautiverio.<\/p>\n<p style=\"text-align: justify;\">\nEl h\u00e1bitat de este esp\u00e9cimen de vida silvestre, Amazona alinaranja, pertenece a los bosques h\u00famedos tropicales del nororiente ecuatoriano.<\/p>\n<p style=\"text-align: justify;\">\nEl MAE como M\u00e1xima Autoridad Ambiental Nacional realiz\u00f3 la retenci\u00f3n del esp\u00e9cimen y fue trasladado al Zool\u00f3gico Municipal Orillas del Zamora para su an\u00e1lisis y diagn\u00f3stico correspondiente.<\/p>\n<p style=\"text-align: justify;\">\nEste esp\u00e9cimen permanecer\u00e1 en cuarentena para observar su comportamiento y condiciones de salud en las que se encuentra.<\/p>\n<p style=\"text-align: justify;\">\n","protected":false},"excerpt":{"rendered":"<p class=\"excerpt\">En un operativo realizado por T\u00e9cnicos de Vida Silvestre de La Direcci\u00f3n Provincial del Ambiente de Loja y la Unidad de Protecci\u00f3n del Medio Ambiente (UPMA), en atenci\u00f3n a una denuncia, rescat\u00f3 un esp\u00e9cimen de vida silvestre lora amaz\u00f3nica (Amazona amaz\u00f3nica) que se encontraba en cautiverio en un domicilio ubicado en el barrio Celi Rom\u00e1n, parroquia Sucre Cant\u00f3n y provincia&hellip; <a href=\"https:\/\/www.ambienteyenergia.gob.ec\/ambiente\/mae-loja-rescata-especimen-de-silvestre\/\">Read more &rarr;<\/a><\/p>\n","protected":false},"author":13,"featured_media":19827,"comment_status":"open","ping_status":"open","sticky":false,"template":"","format":"standard","meta":{"footnotes":""},"categories":[16,4],"tags":[],"class_list":["post-19826","post","type-post","status-publish","format-standard","has-post-thumbnail","hentry","category-comunicamos","category-noticias","xfolkentry"],"_links":{"self":[{"href":"https:\/\/www.ambienteyenergia.gob.ec\/ambiente\/wp-json\/wp\/v2\/posts\/19826","targetHints":{"allow":["GET"]}}],"collection":[{"href":"https:\/\/www.ambienteyenergia.gob.ec\/ambiente\/wp-json\/wp\/v2\/posts"}],"about":[{"href":"https:\/\/www.ambienteyenergia.gob.ec\/ambiente\/wp-json\/wp\/v2\/types\/post"}],"author":[{"embeddable":true,"href":"https:\/\/www.ambienteyenergia.gob.ec\/ambiente\/wp-json\/wp\/v2\/users\/13"}],"replies":[{"embeddable":true,"href":"https:\/\/www.ambienteyenergia.gob.ec\/ambiente\/wp-json\/wp\/v2\/comments?post=19826"}],"version-history":[{"count":0,"href":"https:\/\/www.ambienteyenergia.gob.ec\/ambiente\/wp-json\/wp\/v2\/posts\/19826\/revisions"}],"wp:featuredmedia":[{"embeddable":true,"href":"https:\/\/www.ambienteyenergia.gob.ec\/ambiente\/wp-json\/wp\/v2\/media\/19827"}],"wp:attachment":[{"href":"https:\/\/www.ambienteyenergia.gob.ec\/ambiente\/wp-json\/wp\/v2\/media?parent=19826"}],"wp:term":[{"taxonomy":"category","embeddable":true,"href":"https:\/\/www.ambienteyenergia.gob.ec\/ambiente\/wp-json\/wp\/v2\/categories?post=19826"},{"taxonomy":"post_tag","embeddable":true,"href":"https:\/\/www.ambienteyenergia.gob.ec\/ambiente\/wp-json\/wp\/v2\/tags?post=19826"}],"curies":[{"name":"wp","href":"https:\/\/api.w.org\/{rel}","templated":true}]}}