{"id":19823,"date":"2014-05-07T14:18:51","date_gmt":"2014-05-07T19:18:51","guid":{"rendered":"http:\/\/www.ambiente.gob.ec\/?p=19823"},"modified":"2014-05-07T15:06:52","modified_gmt":"2014-05-07T20:06:52","slug":"mae-como-rector-en-temas-de-conservacion-estudia-alternativa-para-identificar-nueva-area-protegida-al-sur-de-manabi","status":"publish","type":"post","link":"https:\/\/www.ambienteyenergia.gob.ec\/ambiente\/mae-como-rector-en-temas-de-conservacion-estudia-alternativa-para-identificar-nueva-area-protegida-al-sur-de-manabi\/","title":{"rendered":"MAE como rector en temas de conservaci\u00f3n estudia alternativa para identificar nueva \u00e1rea protegida al Sur de Manab\u00ed"},"content":{"rendered":"<p style=\"text-align: justify;\">Funcionarios de la Direcci\u00f3n Provincial de Manab\u00ed, Direcci\u00f3n Nacional de Biodiversidad y la Subsecretar\u00eda de Gesti\u00f3n Marina y Costera\u00a0 del Ministerio del Ambiente (MAE) llevaron a cabo una reuni\u00f3n de trabajo, en el Parque Nacional Machalilla, para determinar los lineamientos para la declaratoria de nueva \u00e1rea protegida marina ubicada entre los cantones Montecristi, Puerto Cayo, Parque de Machalilla de Isla de la Plata, basados en la Ley de Gesti\u00f3n Ambiental y la Ley Forestal y de Conservaci\u00f3n de \u00c1reas Naturales y de Vida Silvestre.<\/p>\n<p>El\u00a0 MAE como\u00a0 ente rector dicta normativas jur\u00eddicas ambientales para la\u00a0 conservaci\u00f3n de los ecosistemas y biodiversidad, con el fin de eliminar la pesca indiscriminada, con el objetivo de perseverar\u00a0 las especies marinas que habitan en este ecosistema, tales como: mantas, ballenas, tortugas.<\/p>\n<p style=\"text-align: justify;\">Alrededor de 6 900ha (millas n\u00e1uticas) han sido inspeccionadas d\u00edas atr\u00e1s por t\u00e9cnicos de la SGMC, abarcando los fondos rocosos (donde albergan una considerable diversidad de\u00a0 algas,\u00a0 esponjas,\u00a0 cnidarios,\u00a0 moluscos,\u00a0 crust\u00e1ceos,\u00a0 equinodermos\u00a0 y\u00a0 corales.), y arenosos que son el lugar de alimento y guarida de importantes especies de peces comerciales y no comerciales.<\/p>\n<p style=\"text-align: justify;\"><a href=\"http:\/\/www.ambienteyenergia.gob.ec\/ambiente\/wp-content\/uploads\/2014\/05\/IMG-20140506-WA0017.jpg\"><img loading=\"lazy\" decoding=\"async\" class=\"aligncenter size-full wp-image-19831\" alt=\"Nueva \u00c1rea Protegida en Manab\u00ed\" src=\"http:\/\/www.ambienteyenergia.gob.ec\/ambiente\/wp-content\/uploads\/2014\/05\/IMG-20140506-WA0017.jpg\" width=\"800\" height=\"481\" srcset=\"https:\/\/www.ambienteyenergia.gob.ec\/ambiente\/wp-content\/uploads\/sites\/2\/2014\/05\/IMG-20140506-WA0017.jpg 800w, https:\/\/www.ambienteyenergia.gob.ec\/ambiente\/wp-content\/uploads\/sites\/2\/2014\/05\/IMG-20140506-WA0017-300x180.jpg 300w, https:\/\/www.ambienteyenergia.gob.ec\/ambiente\/wp-content\/uploads\/sites\/2\/2014\/05\/IMG-20140506-WA0017-500x300.jpg 500w\" sizes=\"auto, (max-width: 800px) 100vw, 800px\" \/><\/a><\/p>\n","protected":false},"excerpt":{"rendered":"<p class=\"excerpt\">Funcionarios de la Direcci\u00f3n Provincial de Manab\u00ed, Direcci\u00f3n Nacional de Biodiversidad y la Subsecretar\u00eda de Gesti\u00f3n Marina y Costera\u00a0 del Ministerio del Ambiente (MAE) llevaron a cabo una reuni\u00f3n de trabajo, en el Parque Nacional Machalilla, para determinar los lineamientos para la declaratoria de nueva \u00e1rea protegida marina ubicada entre los cantones Montecristi, Puerto Cayo, Parque de Machalilla de Isla&hellip; <a href=\"https:\/\/www.ambienteyenergia.gob.ec\/ambiente\/mae-como-rector-en-temas-de-conservacion-estudia-alternativa-para-identificar-nueva-area-protegida-al-sur-de-manabi\/\">Read more &rarr;<\/a><\/p>\n","protected":false},"author":13,"featured_media":19830,"comment_status":"open","ping_status":"open","sticky":false,"template":"","format":"standard","meta":{"footnotes":""},"categories":[16,4],"tags":[],"class_list":["post-19823","post","type-post","status-publish","format-standard","has-post-thumbnail","hentry","category-comunicamos","category-noticias","xfolkentry"],"_links":{"self":[{"href":"https:\/\/www.ambienteyenergia.gob.ec\/ambiente\/wp-json\/wp\/v2\/posts\/19823","targetHints":{"allow":["GET"]}}],"collection":[{"href":"https:\/\/www.ambienteyenergia.gob.ec\/ambiente\/wp-json\/wp\/v2\/posts"}],"about":[{"href":"https:\/\/www.ambienteyenergia.gob.ec\/ambiente\/wp-json\/wp\/v2\/types\/post"}],"author":[{"embeddable":true,"href":"https:\/\/www.ambienteyenergia.gob.ec\/ambiente\/wp-json\/wp\/v2\/users\/13"}],"replies":[{"embeddable":true,"href":"https:\/\/www.ambienteyenergia.gob.ec\/ambiente\/wp-json\/wp\/v2\/comments?post=19823"}],"version-history":[{"count":0,"href":"https:\/\/www.ambienteyenergia.gob.ec\/ambiente\/wp-json\/wp\/v2\/posts\/19823\/revisions"}],"wp:featuredmedia":[{"embeddable":true,"href":"https:\/\/www.ambienteyenergia.gob.ec\/ambiente\/wp-json\/wp\/v2\/media\/19830"}],"wp:attachment":[{"href":"https:\/\/www.ambienteyenergia.gob.ec\/ambiente\/wp-json\/wp\/v2\/media?parent=19823"}],"wp:term":[{"taxonomy":"category","embeddable":true,"href":"https:\/\/www.ambienteyenergia.gob.ec\/ambiente\/wp-json\/wp\/v2\/categories?post=19823"},{"taxonomy":"post_tag","embeddable":true,"href":"https:\/\/www.ambienteyenergia.gob.ec\/ambiente\/wp-json\/wp\/v2\/tags?post=19823"}],"curies":[{"name":"wp","href":"https:\/\/api.w.org\/{rel}","templated":true}]}}