{"id":19818,"date":"2014-05-07T14:00:10","date_gmt":"2014-05-07T19:00:10","guid":{"rendered":"http:\/\/www.ambiente.gob.ec\/?p=19818"},"modified":"2014-05-07T14:00:33","modified_gmt":"2014-05-07T19:00:33","slug":"ministerio-del-ambiente-propone-gestion-integral-mancomunada-de-residuos-solidos-en-santa-elena","status":"publish","type":"post","link":"https:\/\/www.ambienteyenergia.gob.ec\/ambiente\/ministerio-del-ambiente-propone-gestion-integral-mancomunada-de-residuos-solidos-en-santa-elena\/","title":{"rendered":"Ministerio del Ambiente propone Gesti\u00f3n Integral Mancomunada de Residuos S\u00f3lidos en Santa Elena"},"content":{"rendered":"<p style=\"text-align: justify;\">El Ministerio del Ambiente, a trav\u00e9s del Programa Nacional para la Gesti\u00f3n Integral de Desechos S\u00f3lidos PNGIDS, entreg\u00f3 los estudios y dise\u00f1o definitivo para la gesti\u00f3n integral de residuos para tres cantones de la Provincia de Santa Elena.<\/p>\n<p style=\"text-align: justify;\">El Proyecto beneficiar\u00e1 a 314 000 habitantes quienes generan en conjunto 178,91 toneladas de residuos al d\u00eda, compuesta por 60.8% de org\u00e1nicos, 14.5% de pl\u00e1stico, 4.9% de papel, 3.5% de cart\u00f3n, 3% de vidrio,\u00a0 1.3% de metales y 12% otros residuos. Los estudios comprendieron tres fases: diagn\u00f3stico y factibilidad, legalizaci\u00f3n ambiental previa y los dise\u00f1o definitivo. Los estudios se desarrollaron con la finalidad de contribuir al desarrollo integral de los habitantes de la Provincia.<\/p>\n<p style=\"text-align: justify;\">El PNGIDS, financi\u00f3 los estudios de preinversi\u00f3n valorados en 98 500 d\u00f3lares. En ellos se prev\u00e9 el cierre t\u00e9cnico de los cuatros botaderos a cielo abierto de la Mancomunidad: dos de Santa Elena, uno de La Libertad y uno de Salinas. \u201cLos estudios tienen un alcance de duraci\u00f3n de 15 a\u00f1os y proponen un modelo de gesti\u00f3n administrativa mancomunada que, bajo principios t\u00e9cnicos, impulsa un manejo operativo eficiente en todas las fases de la gesti\u00f3n desde la generaci\u00f3n, manejo y separaci\u00f3n, aprovechamiento, hasta su disposici\u00f3n final\u201d, explic\u00f3 Paula Guerra, Gerente del PNGIDS.<\/p>\n<p style=\"text-align: justify;\">Los estudios proponen el almacenamiento comunitario de desechos en contenedores met\u00e1licos y recipientes en plazas y parques, barrido manual para los tres cantones y barrido mec\u00e1nico para las playas del cant\u00f3n Salinas recolectores de carga posterior para realizar la recolecci\u00f3n a pie de vereda, construcci\u00f3n de dos estaciones de transferencia (una en El Palmar y la segunda junto al actual botadero de La Libertad), estas incluyen estaciones de reciclaje.<\/p>\n<p style=\"text-align: justify;\">Se propuso la creaci\u00f3n de abono org\u00e1nico para estos cantones, con el proceso de compost; adem\u00e1s de la planta de reciclaje donde se realizaran un proceso de separaci\u00f3n diferenciada para la recuperaci\u00f3n de pl\u00e1stico, papel y cart\u00f3n, metales y vidrio. Tambi\u00e9n se contempla la construcci\u00f3n de un relleno sanitario mancomunado con infraestructura t\u00e9cnica adecuada para la disposici\u00f3n final de los residuos.<\/p>\n<p style=\"text-align: justify;\">La inversi\u00f3n realizada por el MAE, en beneficio de los ciudadanos, cubre el 100% del \u00e1rea de Santa Elena y propone un modelo de gesti\u00f3n mancomunado para lograr reducir los costos de operaci\u00f3n e inversi\u00f3n individuales, tanto en equipos, construcci\u00f3n de infraestructura y personal administrativo.<\/p>\n<p style=\"text-align: justify;\">Daniel Castillo, Director Provincial de Santa Elena, asegur\u00f3 que \u201cla gesti\u00f3n integral de residuos s\u00f3lidos es una meta que el Ministerio del Ambiente se ha propuesto en beneficio de los ecuatorianos, porque contribuye en varios factores como: cierre t\u00e9cnico de los botaderos a cielo abierto, educaci\u00f3n a la ciudadan\u00eda, modelos eficientes de gesti\u00f3n y, lo m\u00e1s importante, contribuyen a la pol\u00edtica p\u00fablica del Buen Vivir\u201d.<\/p>\n<p style=\"text-align: justify;\"><a href=\"http:\/\/www.ambienteyenergia.gob.ec\/ambiente\/wp-content\/uploads\/2014\/05\/Screen-Shot-2014-05-07-at-14.00.01.png\"><img loading=\"lazy\" decoding=\"async\" class=\"aligncenter size-large wp-image-19819\" alt=\"Screen Shot 2014-05-07 at 14.00.01\" src=\"http:\/\/www.ambienteyenergia.gob.ec\/ambiente\/wp-content\/uploads\/2014\/05\/Screen-Shot-2014-05-07-at-14.00.01-1024x457.png\" width=\"584\" height=\"260\" srcset=\"https:\/\/www.ambienteyenergia.gob.ec\/ambiente\/wp-content\/uploads\/sites\/2\/2014\/05\/Screen-Shot-2014-05-07-at-14.00.01-1024x457.png 1024w, https:\/\/www.ambienteyenergia.gob.ec\/ambiente\/wp-content\/uploads\/sites\/2\/2014\/05\/Screen-Shot-2014-05-07-at-14.00.01-300x134.png 300w, https:\/\/www.ambienteyenergia.gob.ec\/ambiente\/wp-content\/uploads\/sites\/2\/2014\/05\/Screen-Shot-2014-05-07-at-14.00.01-500x223.png 500w, https:\/\/www.ambienteyenergia.gob.ec\/ambiente\/wp-content\/uploads\/sites\/2\/2014\/05\/Screen-Shot-2014-05-07-at-14.00.01.png 1232w\" sizes=\"auto, (max-width: 584px) 100vw, 584px\" \/><\/a><\/p>\n","protected":false},"excerpt":{"rendered":"<p class=\"excerpt\">El Ministerio del Ambiente, a trav\u00e9s del Programa Nacional para la Gesti\u00f3n Integral de Desechos S\u00f3lidos PNGIDS, entreg\u00f3 los estudios y dise\u00f1o definitivo para la gesti\u00f3n integral de residuos para tres cantones de la Provincia de Santa Elena. El Proyecto beneficiar\u00e1 a 314 000 habitantes quienes generan en conjunto 178,91 toneladas de residuos al d\u00eda, compuesta por 60.8% de org\u00e1nicos,&hellip; <a href=\"https:\/\/www.ambienteyenergia.gob.ec\/ambiente\/ministerio-del-ambiente-propone-gestion-integral-mancomunada-de-residuos-solidos-en-santa-elena\/\">Read more &rarr;<\/a><\/p>\n","protected":false},"author":13,"featured_media":19820,"comment_status":"open","ping_status":"open","sticky":false,"template":"","format":"standard","meta":{"footnotes":""},"categories":[16,4],"tags":[],"class_list":["post-19818","post","type-post","status-publish","format-standard","has-post-thumbnail","hentry","category-comunicamos","category-noticias","xfolkentry"],"_links":{"self":[{"href":"https:\/\/www.ambienteyenergia.gob.ec\/ambiente\/wp-json\/wp\/v2\/posts\/19818","targetHints":{"allow":["GET"]}}],"collection":[{"href":"https:\/\/www.ambienteyenergia.gob.ec\/ambiente\/wp-json\/wp\/v2\/posts"}],"about":[{"href":"https:\/\/www.ambienteyenergia.gob.ec\/ambiente\/wp-json\/wp\/v2\/types\/post"}],"author":[{"embeddable":true,"href":"https:\/\/www.ambienteyenergia.gob.ec\/ambiente\/wp-json\/wp\/v2\/users\/13"}],"replies":[{"embeddable":true,"href":"https:\/\/www.ambienteyenergia.gob.ec\/ambiente\/wp-json\/wp\/v2\/comments?post=19818"}],"version-history":[{"count":0,"href":"https:\/\/www.ambienteyenergia.gob.ec\/ambiente\/wp-json\/wp\/v2\/posts\/19818\/revisions"}],"wp:featuredmedia":[{"embeddable":true,"href":"https:\/\/www.ambienteyenergia.gob.ec\/ambiente\/wp-json\/wp\/v2\/media\/19820"}],"wp:attachment":[{"href":"https:\/\/www.ambienteyenergia.gob.ec\/ambiente\/wp-json\/wp\/v2\/media?parent=19818"}],"wp:term":[{"taxonomy":"category","embeddable":true,"href":"https:\/\/www.ambienteyenergia.gob.ec\/ambiente\/wp-json\/wp\/v2\/categories?post=19818"},{"taxonomy":"post_tag","embeddable":true,"href":"https:\/\/www.ambienteyenergia.gob.ec\/ambiente\/wp-json\/wp\/v2\/tags?post=19818"}],"curies":[{"name":"wp","href":"https:\/\/api.w.org\/{rel}","templated":true}]}}