{"id":19812,"date":"2014-05-07T10:00:21","date_gmt":"2014-05-07T15:00:21","guid":{"rendered":"http:\/\/www.ambiente.gob.ec\/?p=19812"},"modified":"2014-05-07T10:00:53","modified_gmt":"2014-05-07T15:00:53","slug":"mae-dona-9852m3-de-madera-a-asociaciones-de-artesanos-de-imbabura","status":"publish","type":"post","link":"https:\/\/www.ambienteyenergia.gob.ec\/ambiente\/mae-dona-9852m3-de-madera-a-asociaciones-de-artesanos-de-imbabura\/","title":{"rendered":"MAE dona 98,52m3 de madera a asociaciones de artesanos de Imbabura"},"content":{"rendered":"<p style=\"text-align: justify;\">El Ministerio del Ambiente (MAE), a trav\u00e9s de la Direcci\u00f3n Provincial del Ambiente de Imbabura don\u00f3 aproximadamente 98,52m3 de madera a tres asociaciones de artesanos de San Antonio de Ibarra, en el marco de los procesos de donaci\u00f3n que esta Cartera de Estado lleva a cabo en base al Acuerdo N\u00b0 082, publicado el 23 de abril de 2014.<\/p>\n<p style=\"text-align: justify;\">Las especies entregadas fueron: sande, coco, copal, guabo, pichango, tangare, caimitillo y cuangare. El producto forestal donado ser\u00e1 utilizado, para fines sociales con el objetivo de impulsar la gesti\u00f3n ambiental dentro de la provincia.<\/p>\n<p style=\"text-align: justify;\"><strong>Beneficiarios: \u00a0<\/strong><\/p>\n<ul style=\"text-align: justify;\">\n<li>\u00a0Asociaci\u00f3n interprofesional de artesanos de San Antonio de Ibarra, con 34,72m3 de madera.<\/li>\n<\/ul>\n<ul style=\"text-align: justify;\">\n<li>Asociaci\u00f3n de desarrollo integral \u201cTamia Huarmy\u201d con 28,57m3 de madera, y;<\/li>\n<\/ul>\n<ul style=\"text-align: justify;\">\n<li>Grupo guardianes del Taita Imbabura, con 35,23 m3 de madera.<\/li>\n<\/ul>\n<p style=\"text-align: justify;\">\n","protected":false},"excerpt":{"rendered":"<p class=\"excerpt\">El Ministerio del Ambiente (MAE), a trav\u00e9s de la Direcci\u00f3n Provincial del Ambiente de Imbabura don\u00f3 aproximadamente 98,52m3 de madera a tres asociaciones de artesanos de San Antonio de Ibarra, en el marco de los procesos de donaci\u00f3n que esta Cartera de Estado lleva a cabo en base al Acuerdo N\u00b0 082, publicado el 23 de abril de 2014. Las&hellip; <a href=\"https:\/\/www.ambienteyenergia.gob.ec\/ambiente\/mae-dona-9852m3-de-madera-a-asociaciones-de-artesanos-de-imbabura\/\">Read more &rarr;<\/a><\/p>\n","protected":false},"author":13,"featured_media":19813,"comment_status":"open","ping_status":"open","sticky":false,"template":"","format":"standard","meta":{"footnotes":""},"categories":[16,4],"tags":[],"class_list":["post-19812","post","type-post","status-publish","format-standard","has-post-thumbnail","hentry","category-comunicamos","category-noticias","xfolkentry"],"_links":{"self":[{"href":"https:\/\/www.ambienteyenergia.gob.ec\/ambiente\/wp-json\/wp\/v2\/posts\/19812","targetHints":{"allow":["GET"]}}],"collection":[{"href":"https:\/\/www.ambienteyenergia.gob.ec\/ambiente\/wp-json\/wp\/v2\/posts"}],"about":[{"href":"https:\/\/www.ambienteyenergia.gob.ec\/ambiente\/wp-json\/wp\/v2\/types\/post"}],"author":[{"embeddable":true,"href":"https:\/\/www.ambienteyenergia.gob.ec\/ambiente\/wp-json\/wp\/v2\/users\/13"}],"replies":[{"embeddable":true,"href":"https:\/\/www.ambienteyenergia.gob.ec\/ambiente\/wp-json\/wp\/v2\/comments?post=19812"}],"version-history":[{"count":0,"href":"https:\/\/www.ambienteyenergia.gob.ec\/ambiente\/wp-json\/wp\/v2\/posts\/19812\/revisions"}],"wp:featuredmedia":[{"embeddable":true,"href":"https:\/\/www.ambienteyenergia.gob.ec\/ambiente\/wp-json\/wp\/v2\/media\/19813"}],"wp:attachment":[{"href":"https:\/\/www.ambienteyenergia.gob.ec\/ambiente\/wp-json\/wp\/v2\/media?parent=19812"}],"wp:term":[{"taxonomy":"category","embeddable":true,"href":"https:\/\/www.ambienteyenergia.gob.ec\/ambiente\/wp-json\/wp\/v2\/categories?post=19812"},{"taxonomy":"post_tag","embeddable":true,"href":"https:\/\/www.ambienteyenergia.gob.ec\/ambiente\/wp-json\/wp\/v2\/tags?post=19812"}],"curies":[{"name":"wp","href":"https:\/\/api.w.org\/{rel}","templated":true}]}}