{"id":19808,"date":"2014-05-07T09:35:33","date_gmt":"2014-05-07T14:35:33","guid":{"rendered":"http:\/\/www.ambiente.gob.ec\/?p=19808"},"modified":"2014-05-07T09:35:33","modified_gmt":"2014-05-07T14:35:33","slug":"mae-rescata-leon-marino-sudamericano-herido-en-el-archipielago-de-jambeli","status":"publish","type":"post","link":"https:\/\/www.ambienteyenergia.gob.ec\/ambiente\/mae-rescata-leon-marino-sudamericano-herido-en-el-archipielago-de-jambeli\/","title":{"rendered":"MAE rescata le\u00f3n marino sudamericano herido en el archipi\u00e9lago de Jambel\u00ed"},"content":{"rendered":"<p style=\"text-align: justify;\">El Ministerio del Ambiente (MAE), a trav\u00e9s de la Direcci\u00f3n Provincial de Ambiente de El Oro, realiz\u00f3 el rescate de un le\u00f3n marino sudamericano juvenil en las costas del archipi\u00e9lago de Jambel\u00ed que se encontraba en estado delicado de salud, por una infecci\u00f3n en su ojo izquierdo.<\/p>\n<p style=\"text-align: justify;\">\nPor medio de la Unidad de Patrimonio Natural de esta provincia se procedi\u00f3 a capturar al esp\u00e9cimen de vida silvestre para realizar los procedimientos de valoraci\u00f3n y atenci\u00f3n veterinaria que valorar\u00e1 la condici\u00f3n real de salud y de su infecci\u00f3n. Se lo traslad\u00f3 a la provincia de Santa Elena, a trav\u00e9s de su direcci\u00f3n ambiental, para poder trasladarlo, posteriormente al Zool\u00f3gico Acuarium Valdivia, en donde recibir\u00e1 los cuidados y la atenci\u00f3n necesaria para su optima recuperaci\u00f3n.<\/p>\n<p style=\"text-align: justify;\">\nLos t\u00e9cnicos de esta Cartera de Estado, as\u00ed como los m\u00e9dicos veterinarios esperan una pronta recuperaci\u00f3n para su valoraci\u00f3n y reintroducci\u00f3n a su h\u00e1bitat natural.<\/p>\n<p style=\"text-align: justify;\">\nEl MAE despliega en la provincia de El Oro, m\u00faltiples eventos de educaci\u00f3n ambiental, trabajo comunitario y actividades de vinculaci\u00f3n social con la finalidad de educar a la poblaci\u00f3n sobre su\u00a0 responsabilidad social frente al cuidado de nuestro patrimonio natural.<br \/>\nEs importante destacar el trabajo que realiza la Unidad de Vida Silvestre y el personal de Unidad de Protecci\u00f3n de Medio Ambiente de la Polic\u00eda Nacional (UPMA), para evitar el comercio de espec\u00edmenes de fauna silvestre, por medio de diversos operativos, como parte de la inspecci\u00f3n de tr\u00e1fico ilegal de estas especies.<\/p>\n<p style=\"text-align: justify;\">\nSe invita a la ciudadan\u00eda a denunciar casos de tenencia ilegal de fauna silvestre por medio de sus diferentes direcciones provinciales a nivel nacional o a trav\u00e9s del portal web de MAE Transparente (http:\/\/mesadeayuda.ambiente.gob.ec\/otrs\/customer.pl)<\/p>\n","protected":false},"excerpt":{"rendered":"<p class=\"excerpt\">El Ministerio del Ambiente (MAE), a trav\u00e9s de la Direcci\u00f3n Provincial de Ambiente de El Oro, realiz\u00f3 el rescate de un le\u00f3n marino sudamericano juvenil en las costas del archipi\u00e9lago de Jambel\u00ed que se encontraba en estado delicado de salud, por una infecci\u00f3n en su ojo izquierdo. Por medio de la Unidad de Patrimonio Natural de esta provincia se procedi\u00f3&hellip; <a href=\"https:\/\/www.ambienteyenergia.gob.ec\/ambiente\/mae-rescata-leon-marino-sudamericano-herido-en-el-archipielago-de-jambeli\/\">Read more &rarr;<\/a><\/p>\n","protected":false},"author":13,"featured_media":19809,"comment_status":"open","ping_status":"open","sticky":false,"template":"","format":"standard","meta":{"footnotes":""},"categories":[16,4],"tags":[],"class_list":["post-19808","post","type-post","status-publish","format-standard","has-post-thumbnail","hentry","category-comunicamos","category-noticias","xfolkentry"],"_links":{"self":[{"href":"https:\/\/www.ambienteyenergia.gob.ec\/ambiente\/wp-json\/wp\/v2\/posts\/19808","targetHints":{"allow":["GET"]}}],"collection":[{"href":"https:\/\/www.ambienteyenergia.gob.ec\/ambiente\/wp-json\/wp\/v2\/posts"}],"about":[{"href":"https:\/\/www.ambienteyenergia.gob.ec\/ambiente\/wp-json\/wp\/v2\/types\/post"}],"author":[{"embeddable":true,"href":"https:\/\/www.ambienteyenergia.gob.ec\/ambiente\/wp-json\/wp\/v2\/users\/13"}],"replies":[{"embeddable":true,"href":"https:\/\/www.ambienteyenergia.gob.ec\/ambiente\/wp-json\/wp\/v2\/comments?post=19808"}],"version-history":[{"count":0,"href":"https:\/\/www.ambienteyenergia.gob.ec\/ambiente\/wp-json\/wp\/v2\/posts\/19808\/revisions"}],"wp:featuredmedia":[{"embeddable":true,"href":"https:\/\/www.ambienteyenergia.gob.ec\/ambiente\/wp-json\/wp\/v2\/media\/19809"}],"wp:attachment":[{"href":"https:\/\/www.ambienteyenergia.gob.ec\/ambiente\/wp-json\/wp\/v2\/media?parent=19808"}],"wp:term":[{"taxonomy":"category","embeddable":true,"href":"https:\/\/www.ambienteyenergia.gob.ec\/ambiente\/wp-json\/wp\/v2\/categories?post=19808"},{"taxonomy":"post_tag","embeddable":true,"href":"https:\/\/www.ambienteyenergia.gob.ec\/ambiente\/wp-json\/wp\/v2\/tags?post=19808"}],"curies":[{"name":"wp","href":"https:\/\/api.w.org\/{rel}","templated":true}]}}