{"id":19805,"date":"2014-05-06T16:46:48","date_gmt":"2014-05-06T21:46:48","guid":{"rendered":"http:\/\/www.ambiente.gob.ec\/?p=19805"},"modified":"2014-05-06T16:46:48","modified_gmt":"2014-05-06T21:46:48","slug":"el-carnaval-de-los-animales-divirtio-a-los-ninos-en-galapagos","status":"publish","type":"post","link":"https:\/\/www.ambienteyenergia.gob.ec\/ambiente\/el-carnaval-de-los-animales-divirtio-a-los-ninos-en-galapagos\/","title":{"rendered":"El Carnaval de los animales divirti\u00f3 a los ni\u00f1os en Gal\u00e1pagos"},"content":{"rendered":"<p style=\"text-align: justify;\"><i>La obra musical realizada por artistas galapague\u00f1os fue presentada por la DPNG.<\/i><\/p>\n<p style=\"text-align: justify;\">\nLa obra musical \u201cEl Galnaval de los Animales\u201d producida por artistas de la capital del archipi\u00e9lago de Gal\u00e1pagos, fue presentada por la Direcci\u00f3n del Parque Nacional Gal\u00e1pagos \u00a0(DPNG) para que ni\u00f1os, j\u00f3venes y adultos de las islas Santa Cruz e Isabela disfruten de esta expresi\u00f3n art\u00edstica que conlleva un mensaje de cuidado ambiental y pr\u00e1cticas responsables.<\/p>\n<p style=\"text-align: justify;\">\nEste musical es una adaptaci\u00f3n de la obra \u201cEl Carnaval de los animales\u201d del compositor franc\u00e9s Camilo Saens Saint; que busca transmitir el \u00a0mensaje de la aplicaci\u00f3n de buenas pr\u00e1cticas ambientales en las actividades diarias de cada ciudadano, con el objetivo de fomentar una cultura galapague\u00f1a del buen vivir.<\/p>\n<p style=\"text-align: justify;\">\nLa obra se present\u00f3 en las \u00a0islas Santa Cruz e Isabela, a las que asistieron un total de 400 personas, quienes interactuaron en el desarrollo del musical. \u00a0La historia se centra en una guardaparque que narra sus aventuras con diferentes animales, entre ellos, los de Gal\u00e1pagos y describe las reglas que debemos mantener mientras estamos en las \u00e1reas protegidas. Tambi\u00e9n se construy\u00f3 colectivamente \u00a0un compromiso de responsabilidad ciudadana con el medio ambiente.<\/p>\n<p style=\"text-align: justify;\">\nLos ni\u00f1os y j\u00f3venes participaron con entusiasmo por lo cual se hicieron acreedores a premios y sorpresas por su inter\u00e9s en aprender y poner en pr\u00e1ctica acciones positivas a favor del ambiente.<\/p>\n<p style=\"text-align: justify;\">\nLa DPNG est\u00e1 enfocada en impulsar la cultura local de buenas pr\u00e1cticas ambientales, integrando las propuestas e iniciativas de los gestores culturales locales, que promueven el fortalecimiento de la identidad galapague\u00f1a.<\/p>\n","protected":false},"excerpt":{"rendered":"<p class=\"excerpt\">La obra musical realizada por artistas galapague\u00f1os fue presentada por la DPNG. La obra musical \u201cEl Galnaval de los Animales\u201d producida por artistas de la capital del archipi\u00e9lago de Gal\u00e1pagos, fue presentada por la Direcci\u00f3n del Parque Nacional Gal\u00e1pagos \u00a0(DPNG) para que ni\u00f1os, j\u00f3venes y adultos de las islas Santa Cruz e Isabela disfruten de esta expresi\u00f3n art\u00edstica que conlleva&hellip; <a href=\"https:\/\/www.ambienteyenergia.gob.ec\/ambiente\/el-carnaval-de-los-animales-divirtio-a-los-ninos-en-galapagos\/\">Read more &rarr;<\/a><\/p>\n","protected":false},"author":13,"featured_media":19806,"comment_status":"open","ping_status":"open","sticky":false,"template":"","format":"standard","meta":{"footnotes":""},"categories":[16,4],"tags":[],"class_list":["post-19805","post","type-post","status-publish","format-standard","has-post-thumbnail","hentry","category-comunicamos","category-noticias","xfolkentry"],"_links":{"self":[{"href":"https:\/\/www.ambienteyenergia.gob.ec\/ambiente\/wp-json\/wp\/v2\/posts\/19805","targetHints":{"allow":["GET"]}}],"collection":[{"href":"https:\/\/www.ambienteyenergia.gob.ec\/ambiente\/wp-json\/wp\/v2\/posts"}],"about":[{"href":"https:\/\/www.ambienteyenergia.gob.ec\/ambiente\/wp-json\/wp\/v2\/types\/post"}],"author":[{"embeddable":true,"href":"https:\/\/www.ambienteyenergia.gob.ec\/ambiente\/wp-json\/wp\/v2\/users\/13"}],"replies":[{"embeddable":true,"href":"https:\/\/www.ambienteyenergia.gob.ec\/ambiente\/wp-json\/wp\/v2\/comments?post=19805"}],"version-history":[{"count":0,"href":"https:\/\/www.ambienteyenergia.gob.ec\/ambiente\/wp-json\/wp\/v2\/posts\/19805\/revisions"}],"wp:featuredmedia":[{"embeddable":true,"href":"https:\/\/www.ambienteyenergia.gob.ec\/ambiente\/wp-json\/wp\/v2\/media\/19806"}],"wp:attachment":[{"href":"https:\/\/www.ambienteyenergia.gob.ec\/ambiente\/wp-json\/wp\/v2\/media?parent=19805"}],"wp:term":[{"taxonomy":"category","embeddable":true,"href":"https:\/\/www.ambienteyenergia.gob.ec\/ambiente\/wp-json\/wp\/v2\/categories?post=19805"},{"taxonomy":"post_tag","embeddable":true,"href":"https:\/\/www.ambienteyenergia.gob.ec\/ambiente\/wp-json\/wp\/v2\/tags?post=19805"}],"curies":[{"name":"wp","href":"https:\/\/api.w.org\/{rel}","templated":true}]}}