{"id":19799,"date":"2014-05-06T16:42:41","date_gmt":"2014-05-06T21:42:41","guid":{"rendered":"http:\/\/www.ambiente.gob.ec\/?p=19799"},"modified":"2014-05-06T16:42:41","modified_gmt":"2014-05-06T21:42:41","slug":"mae-capacita-sobre-manejo-integral-de-plaguicidas-en-imbabura","status":"publish","type":"post","link":"https:\/\/www.ambienteyenergia.gob.ec\/ambiente\/mae-capacita-sobre-manejo-integral-de-plaguicidas-en-imbabura\/","title":{"rendered":"MAE capacita sobre Manejo Integral de Plaguicidas en Imbabura"},"content":{"rendered":"<p style=\"text-align: justify;\">El Ministerio del Ambiente como miembro del Comit\u00e9 T\u00e9cnico Nacional de Plaguicidas (CTNP), en conjunto con el Ministerio de Agricultura, Ganader\u00eda, Acuicultura y Pesca (MAGAP), a trav\u00e9s de AGROCALIDAD y el Ministerio de Salud P\u00fablica, realizaron la planificaci\u00f3n y elaboraci\u00f3n del cronograma al Plan de Capacitaci\u00f3n para el Manejo Integral de Plaguicidas 2014, con el apoyo de CIATOX, CROPLIFE y APCSA.<\/p>\n<p>Conforme lo estable la Norma Andina para el Registro y Control de Plaguicidas Qu\u00edmicos de Uso Agr\u00edcola\u00a0 en su Decisi\u00f3n 436, Cap. XVI Art. 63: \u00abLa Secretar\u00eda Nacional a nivel Subregional y las Autoridades Nacionales Competentes, con la cooperaci\u00f3n de los sectores p\u00fablico y privado, desarrollar\u00e1n programas de capacitaci\u00f3n en materia de plaguicidas, a fin de reducir los riesgos a la salud y al ambiente\u00bb.<\/p>\n<p>En este contexto, y con la finalidad de fomentar la cultura de uso adecuado de plaguicidas para evitar y minimizar las afectaciones a la salud y al ambiente, en el marco del fortalecimiento de la cultura del triple lavado y correcta disposici\u00f3n final de los envases de plaguicidas, la Direcci\u00f3n Provincial del Ambiente de Imbabura, a trav\u00e9s de la Unidad de Calidad Ambiental realiz\u00f3 una capacitaci\u00f3n sobre Manejo Integral De Plaguicidas.<\/p>\n<p>El taller cont\u00f3 con la participaci\u00f3n de 35 agricultores de los diferentes cantones de la provincia de Imbabura.<\/p>\n<p>El MAE busca ejercer en forma eficaz y eficiente la legislaci\u00f3n ambiental vigente en el Ecuador, con el prop\u00f3sito de solucionar los problemas ambientales y promover la mejora continua en todos los procesos productivos mitigando la contaminaci\u00f3n ambiental.<\/p>\n","protected":false},"excerpt":{"rendered":"<p class=\"excerpt\">El Ministerio del Ambiente como miembro del Comit\u00e9 T\u00e9cnico Nacional de Plaguicidas (CTNP), en conjunto con el Ministerio de Agricultura, Ganader\u00eda, Acuicultura y Pesca (MAGAP), a trav\u00e9s de AGROCALIDAD y el Ministerio de Salud P\u00fablica, realizaron la planificaci\u00f3n y elaboraci\u00f3n del cronograma al Plan de Capacitaci\u00f3n para el Manejo Integral de Plaguicidas 2014, con el apoyo de CIATOX, CROPLIFE y&hellip; <a href=\"https:\/\/www.ambienteyenergia.gob.ec\/ambiente\/mae-capacita-sobre-manejo-integral-de-plaguicidas-en-imbabura\/\">Read more &rarr;<\/a><\/p>\n","protected":false},"author":13,"featured_media":19800,"comment_status":"open","ping_status":"open","sticky":false,"template":"","format":"standard","meta":{"footnotes":""},"categories":[16,4],"tags":[],"class_list":["post-19799","post","type-post","status-publish","format-standard","has-post-thumbnail","hentry","category-comunicamos","category-noticias","xfolkentry"],"_links":{"self":[{"href":"https:\/\/www.ambienteyenergia.gob.ec\/ambiente\/wp-json\/wp\/v2\/posts\/19799","targetHints":{"allow":["GET"]}}],"collection":[{"href":"https:\/\/www.ambienteyenergia.gob.ec\/ambiente\/wp-json\/wp\/v2\/posts"}],"about":[{"href":"https:\/\/www.ambienteyenergia.gob.ec\/ambiente\/wp-json\/wp\/v2\/types\/post"}],"author":[{"embeddable":true,"href":"https:\/\/www.ambienteyenergia.gob.ec\/ambiente\/wp-json\/wp\/v2\/users\/13"}],"replies":[{"embeddable":true,"href":"https:\/\/www.ambienteyenergia.gob.ec\/ambiente\/wp-json\/wp\/v2\/comments?post=19799"}],"version-history":[{"count":0,"href":"https:\/\/www.ambienteyenergia.gob.ec\/ambiente\/wp-json\/wp\/v2\/posts\/19799\/revisions"}],"wp:featuredmedia":[{"embeddable":true,"href":"https:\/\/www.ambienteyenergia.gob.ec\/ambiente\/wp-json\/wp\/v2\/media\/19800"}],"wp:attachment":[{"href":"https:\/\/www.ambienteyenergia.gob.ec\/ambiente\/wp-json\/wp\/v2\/media?parent=19799"}],"wp:term":[{"taxonomy":"category","embeddable":true,"href":"https:\/\/www.ambienteyenergia.gob.ec\/ambiente\/wp-json\/wp\/v2\/categories?post=19799"},{"taxonomy":"post_tag","embeddable":true,"href":"https:\/\/www.ambienteyenergia.gob.ec\/ambiente\/wp-json\/wp\/v2\/tags?post=19799"}],"curies":[{"name":"wp","href":"https:\/\/api.w.org\/{rel}","templated":true}]}}