{"id":19796,"date":"2014-05-06T16:38:49","date_gmt":"2014-05-06T21:38:49","guid":{"rendered":"http:\/\/www.ambiente.gob.ec\/?p=19796"},"modified":"2014-05-06T16:38:49","modified_gmt":"2014-05-06T21:38:49","slug":"mae-recibe-reconocimiento-como-una-de-las-instituciones-mas-atractivas-para-trabajar-en-ecuador","status":"publish","type":"post","link":"https:\/\/www.ambienteyenergia.gob.ec\/ambiente\/mae-recibe-reconocimiento-como-una-de-las-instituciones-mas-atractivas-para-trabajar-en-ecuador\/","title":{"rendered":"MAE recibe reconocimiento como una de las instituciones m\u00e1s atractivas para trabajar en Ecuador"},"content":{"rendered":"<p style=\"text-align: justify;\">Hoy, el Ministerio del Ambiente, recibi\u00f3 el reconocimiento como una de las instituciones m\u00e1s atractivas para trabajar en Ecuador, otorgado por la revista EKOS, de manos de su vicepresidente Mauricio Morillo. Este evento se lo realiz\u00f3 con la participaci\u00f3n de representantes de diferentes instituciones p\u00fablicas y empresas privadas a nivel nacional.<\/p>\n<p>Durante la premiaci\u00f3n se dio a conocer la metodolog\u00eda utilizada para determinar la posici\u00f3n de cada uno de los participantes en el ranking de las 20 instituciones del sector p\u00fablico mejor posicionadas frente a la opini\u00f3n ciudadana, con respecto al lugar m\u00e1s atrayente para desempe\u00f1arse a nivel laboral.<\/p>\n<p>Entre los par\u00e1metros escogidos mediante una encuesta realizada a 2 461 estudiantes universitarios de \u00faltimo a\u00f1o, en diferentes carreras, y a 3 490 personas de la Poblaci\u00f3n Econ\u00f3micamente Activa (PEA) con o sin trabajo, se determin\u00f3 que las principales caracter\u00edsticas reconocidas en el sector p\u00fablico son: buena remuneraci\u00f3n econ\u00f3mica, estabilidad laboral, crecimiento personal, entre muchas otras.<\/p>\n<p>En base a estos par\u00e1metros, reconocidos por la poblaci\u00f3n en general, el MAE recibi\u00f3 por medio de Lorena S\u00e1nchez, Viceministra del Ambiente, en representaci\u00f3n de la M\u00e1xima Autoridad Ambiental, Lorena Tapia.<\/p>\n","protected":false},"excerpt":{"rendered":"<p class=\"excerpt\">Hoy, el Ministerio del Ambiente, recibi\u00f3 el reconocimiento como una de las instituciones m\u00e1s atractivas para trabajar en Ecuador, otorgado por la revista EKOS, de manos de su vicepresidente Mauricio Morillo. Este evento se lo realiz\u00f3 con la participaci\u00f3n de representantes de diferentes instituciones p\u00fablicas y empresas privadas a nivel nacional. Durante la premiaci\u00f3n se dio a conocer la metodolog\u00eda&hellip; <a href=\"https:\/\/www.ambienteyenergia.gob.ec\/ambiente\/mae-recibe-reconocimiento-como-una-de-las-instituciones-mas-atractivas-para-trabajar-en-ecuador\/\">Read more &rarr;<\/a><\/p>\n","protected":false},"author":13,"featured_media":19797,"comment_status":"open","ping_status":"open","sticky":false,"template":"","format":"standard","meta":{"footnotes":""},"categories":[16,4],"tags":[],"class_list":["post-19796","post","type-post","status-publish","format-standard","has-post-thumbnail","hentry","category-comunicamos","category-noticias","xfolkentry"],"_links":{"self":[{"href":"https:\/\/www.ambienteyenergia.gob.ec\/ambiente\/wp-json\/wp\/v2\/posts\/19796","targetHints":{"allow":["GET"]}}],"collection":[{"href":"https:\/\/www.ambienteyenergia.gob.ec\/ambiente\/wp-json\/wp\/v2\/posts"}],"about":[{"href":"https:\/\/www.ambienteyenergia.gob.ec\/ambiente\/wp-json\/wp\/v2\/types\/post"}],"author":[{"embeddable":true,"href":"https:\/\/www.ambienteyenergia.gob.ec\/ambiente\/wp-json\/wp\/v2\/users\/13"}],"replies":[{"embeddable":true,"href":"https:\/\/www.ambienteyenergia.gob.ec\/ambiente\/wp-json\/wp\/v2\/comments?post=19796"}],"version-history":[{"count":0,"href":"https:\/\/www.ambienteyenergia.gob.ec\/ambiente\/wp-json\/wp\/v2\/posts\/19796\/revisions"}],"wp:featuredmedia":[{"embeddable":true,"href":"https:\/\/www.ambienteyenergia.gob.ec\/ambiente\/wp-json\/wp\/v2\/media\/19797"}],"wp:attachment":[{"href":"https:\/\/www.ambienteyenergia.gob.ec\/ambiente\/wp-json\/wp\/v2\/media?parent=19796"}],"wp:term":[{"taxonomy":"category","embeddable":true,"href":"https:\/\/www.ambienteyenergia.gob.ec\/ambiente\/wp-json\/wp\/v2\/categories?post=19796"},{"taxonomy":"post_tag","embeddable":true,"href":"https:\/\/www.ambienteyenergia.gob.ec\/ambiente\/wp-json\/wp\/v2\/tags?post=19796"}],"curies":[{"name":"wp","href":"https:\/\/api.w.org\/{rel}","templated":true}]}}