{"id":19793,"date":"2014-05-06T14:02:25","date_gmt":"2014-05-06T19:02:25","guid":{"rendered":"http:\/\/www.ambiente.gob.ec\/?p=19793"},"modified":"2014-05-06T14:02:25","modified_gmt":"2014-05-06T19:02:25","slug":"mae-visita-obras-implementadas-en-paltas-provincia-de-loja","status":"publish","type":"post","link":"https:\/\/www.ambienteyenergia.gob.ec\/ambiente\/mae-visita-obras-implementadas-en-paltas-provincia-de-loja\/","title":{"rendered":"MAE visita obras implementadas en Paltas, provincia de Loja"},"content":{"rendered":"<p style=\"text-align: justify;\">Funcionarios del Proyecto de Adaptaci\u00f3n al Cambio Clim\u00e1tico a trav\u00e9s de una Efectiva Gobernabilidad del Agua en el Ecuador (PACC) de Ministerio del Ambiente y COMUNIDEC, realizaron un recorrido de verificaci\u00f3n de obras en las \u00e1reas de intervenci\u00f3n de la Fase II del proyecto \u201cSembrando Agua para el manejo tecnificado del riego de las huertas agroforestales campesinas de las cuencas altas de los r\u00edos Catamayo-Playas, para adaptarse al cambio clim\u00e1tico\u201d.<\/p>\n<p style=\"text-align: justify;\">\nLos funcionarios visitaron 20 tajamares y 5 pilancones, ubicados en los barrios Las Cochas y Promestilla; 10 lagunas de altura ubicadas en la Reserva Natural denominada \u201cPisaca\u201d, las mismas que dan estabilidad a los acu\u00edferos.<\/p>\n<p>Tambi\u00e9n se pudo verificar la construcci\u00f3n de un vivero y zona de germinaci\u00f3n (plantas forestales y frutales).<\/p>\n","protected":false},"excerpt":{"rendered":"<p class=\"excerpt\">Funcionarios del Proyecto de Adaptaci\u00f3n al Cambio Clim\u00e1tico a trav\u00e9s de una Efectiva Gobernabilidad del Agua en el Ecuador (PACC) de Ministerio del Ambiente y COMUNIDEC, realizaron un recorrido de verificaci\u00f3n de obras en las \u00e1reas de intervenci\u00f3n de la Fase II del proyecto \u201cSembrando Agua para el manejo tecnificado del riego de las huertas agroforestales campesinas de las cuencas&hellip; <a href=\"https:\/\/www.ambienteyenergia.gob.ec\/ambiente\/mae-visita-obras-implementadas-en-paltas-provincia-de-loja\/\">Read more &rarr;<\/a><\/p>\n","protected":false},"author":13,"featured_media":19794,"comment_status":"open","ping_status":"open","sticky":false,"template":"","format":"standard","meta":{"footnotes":""},"categories":[16,4],"tags":[],"class_list":["post-19793","post","type-post","status-publish","format-standard","has-post-thumbnail","hentry","category-comunicamos","category-noticias","xfolkentry"],"_links":{"self":[{"href":"https:\/\/www.ambienteyenergia.gob.ec\/ambiente\/wp-json\/wp\/v2\/posts\/19793","targetHints":{"allow":["GET"]}}],"collection":[{"href":"https:\/\/www.ambienteyenergia.gob.ec\/ambiente\/wp-json\/wp\/v2\/posts"}],"about":[{"href":"https:\/\/www.ambienteyenergia.gob.ec\/ambiente\/wp-json\/wp\/v2\/types\/post"}],"author":[{"embeddable":true,"href":"https:\/\/www.ambienteyenergia.gob.ec\/ambiente\/wp-json\/wp\/v2\/users\/13"}],"replies":[{"embeddable":true,"href":"https:\/\/www.ambienteyenergia.gob.ec\/ambiente\/wp-json\/wp\/v2\/comments?post=19793"}],"version-history":[{"count":0,"href":"https:\/\/www.ambienteyenergia.gob.ec\/ambiente\/wp-json\/wp\/v2\/posts\/19793\/revisions"}],"wp:featuredmedia":[{"embeddable":true,"href":"https:\/\/www.ambienteyenergia.gob.ec\/ambiente\/wp-json\/wp\/v2\/media\/19794"}],"wp:attachment":[{"href":"https:\/\/www.ambienteyenergia.gob.ec\/ambiente\/wp-json\/wp\/v2\/media?parent=19793"}],"wp:term":[{"taxonomy":"category","embeddable":true,"href":"https:\/\/www.ambienteyenergia.gob.ec\/ambiente\/wp-json\/wp\/v2\/categories?post=19793"},{"taxonomy":"post_tag","embeddable":true,"href":"https:\/\/www.ambienteyenergia.gob.ec\/ambiente\/wp-json\/wp\/v2\/tags?post=19793"}],"curies":[{"name":"wp","href":"https:\/\/api.w.org\/{rel}","templated":true}]}}