{"id":19790,"date":"2014-05-06T13:59:01","date_gmt":"2014-05-06T18:59:01","guid":{"rendered":"http:\/\/www.ambiente.gob.ec\/?p=19790"},"modified":"2014-05-06T13:59:01","modified_gmt":"2014-05-06T18:59:01","slug":"mae-rescata-a-un-loro-en-la-provincia-de-esmeraldas","status":"publish","type":"post","link":"https:\/\/www.ambienteyenergia.gob.ec\/ambiente\/mae-rescata-a-un-loro-en-la-provincia-de-esmeraldas\/","title":{"rendered":"MAE rescata a un loro en la provincia de Esmeraldas"},"content":{"rendered":"<p style=\"text-align: justify;\">El Ministerio del Ambiente, a trav\u00e9s de la Direcci\u00f3n Provincial de Esmeraldas por medio de la Unidad de Patrimonio Natural realiz\u00f3 la retenci\u00f3n de un Loro (amazona autumnalis) el cual se encontraba en calidad de mascota en una tienda de abarrotes situada en la parroquia Tonchigue, cant\u00f3n Atacames, de la provincia de Esmeraldas.<\/p>\n<p style=\"text-align: justify;\">\nEste esp\u00e9cimen de Vida Silvestre se lo hall\u00f3 en aparente estado buen estado de salud, por lo que se decidi\u00f3 trasladarlo hasta el Bosque Protector \u00abLa Perla\u00bb ubicado en la provincia de Santo Domingo de los Tsachilas, lugar donde se lo mantendr\u00e1 en observaci\u00f3n hasta que pueda ser reinsertado a su h\u00e1bitat natural.<\/p>\n","protected":false},"excerpt":{"rendered":"<p class=\"excerpt\">El Ministerio del Ambiente, a trav\u00e9s de la Direcci\u00f3n Provincial de Esmeraldas por medio de la Unidad de Patrimonio Natural realiz\u00f3 la retenci\u00f3n de un Loro (amazona autumnalis) el cual se encontraba en calidad de mascota en una tienda de abarrotes situada en la parroquia Tonchigue, cant\u00f3n Atacames, de la provincia de Esmeraldas. Este esp\u00e9cimen de Vida Silvestre se lo&hellip; <a href=\"https:\/\/www.ambienteyenergia.gob.ec\/ambiente\/mae-rescata-a-un-loro-en-la-provincia-de-esmeraldas\/\">Read more &rarr;<\/a><\/p>\n","protected":false},"author":13,"featured_media":19791,"comment_status":"open","ping_status":"open","sticky":false,"template":"","format":"standard","meta":{"footnotes":""},"categories":[16,4],"tags":[],"class_list":["post-19790","post","type-post","status-publish","format-standard","has-post-thumbnail","hentry","category-comunicamos","category-noticias","xfolkentry"],"_links":{"self":[{"href":"https:\/\/www.ambienteyenergia.gob.ec\/ambiente\/wp-json\/wp\/v2\/posts\/19790","targetHints":{"allow":["GET"]}}],"collection":[{"href":"https:\/\/www.ambienteyenergia.gob.ec\/ambiente\/wp-json\/wp\/v2\/posts"}],"about":[{"href":"https:\/\/www.ambienteyenergia.gob.ec\/ambiente\/wp-json\/wp\/v2\/types\/post"}],"author":[{"embeddable":true,"href":"https:\/\/www.ambienteyenergia.gob.ec\/ambiente\/wp-json\/wp\/v2\/users\/13"}],"replies":[{"embeddable":true,"href":"https:\/\/www.ambienteyenergia.gob.ec\/ambiente\/wp-json\/wp\/v2\/comments?post=19790"}],"version-history":[{"count":0,"href":"https:\/\/www.ambienteyenergia.gob.ec\/ambiente\/wp-json\/wp\/v2\/posts\/19790\/revisions"}],"wp:featuredmedia":[{"embeddable":true,"href":"https:\/\/www.ambienteyenergia.gob.ec\/ambiente\/wp-json\/wp\/v2\/media\/19791"}],"wp:attachment":[{"href":"https:\/\/www.ambienteyenergia.gob.ec\/ambiente\/wp-json\/wp\/v2\/media?parent=19790"}],"wp:term":[{"taxonomy":"category","embeddable":true,"href":"https:\/\/www.ambienteyenergia.gob.ec\/ambiente\/wp-json\/wp\/v2\/categories?post=19790"},{"taxonomy":"post_tag","embeddable":true,"href":"https:\/\/www.ambienteyenergia.gob.ec\/ambiente\/wp-json\/wp\/v2\/tags?post=19790"}],"curies":[{"name":"wp","href":"https:\/\/api.w.org\/{rel}","templated":true}]}}