{"id":19787,"date":"2014-05-06T11:30:54","date_gmt":"2014-05-06T16:30:54","guid":{"rendered":"http:\/\/www.ambiente.gob.ec\/?p=19787"},"modified":"2014-05-06T11:30:54","modified_gmt":"2014-05-06T16:30:54","slug":"primer-curso-de-formacion-de-guias-naturalistas-se-realiza-en-bolivar","status":"publish","type":"post","link":"https:\/\/www.ambienteyenergia.gob.ec\/ambiente\/primer-curso-de-formacion-de-guias-naturalistas-se-realiza-en-bolivar\/","title":{"rendered":"Primer Curso de Formaci\u00f3n de Gu\u00edas Naturalistas se realiza en Bol\u00edvar"},"content":{"rendered":"<p style=\"text-align: justify;\">El Ministerio del Ambiente del Ecuador (MAE), en coordinaci\u00f3n con a Reserva de Producci\u00f3n de Fauna Chimborazo y con el apoyo de la Direcci\u00f3n Provincial de Turismo de Bol\u00edvar, inaugur\u00f3 el primer Curso de Formaci\u00f3n de Gu\u00edas Naturalistas, que se desarrollar\u00e1 del 5 al 21 de mayo del 2014 y el cual cuenta con 24 aspirantes de diferentes localidades y comunidades de la provincia.<\/p>\n<p>Este taller est\u00e1 dirigido especialmente a las personas de las comunidades que tienen influencia directa e indirecta con la Reserva de Producci\u00f3n Faun\u00edstica Chimborazo; y que actualmente se dedican a la pr\u00e1ctica agr\u00edcola\u00a0 y ganadera, generando un avance de la agricultura pero tambi\u00e9n un desgaste de la flora y fauna end\u00e9mica dentro de la Reserva y el \u00e1rea de amortiguamiento.<\/p>\n<p>Las \u00e1reas protegidas son espacios que tienen un enorme valor ambiental y social; por esta raz\u00f3n, el MAE realiza esfuerzos hist\u00f3ricos para capacitar no solo a sus guardaparques, sino tambi\u00e9n a la comunidad que trabaja en las zonas cercanas a las \u00e1reas protegidas.<\/p>\n","protected":false},"excerpt":{"rendered":"<p class=\"excerpt\">El Ministerio del Ambiente del Ecuador (MAE), en coordinaci\u00f3n con a Reserva de Producci\u00f3n de Fauna Chimborazo y con el apoyo de la Direcci\u00f3n Provincial de Turismo de Bol\u00edvar, inaugur\u00f3 el primer Curso de Formaci\u00f3n de Gu\u00edas Naturalistas, que se desarrollar\u00e1 del 5 al 21 de mayo del 2014 y el cual cuenta con 24 aspirantes de diferentes localidades y&hellip; <a href=\"https:\/\/www.ambienteyenergia.gob.ec\/ambiente\/primer-curso-de-formacion-de-guias-naturalistas-se-realiza-en-bolivar\/\">Read more &rarr;<\/a><\/p>\n","protected":false},"author":13,"featured_media":19788,"comment_status":"open","ping_status":"open","sticky":false,"template":"","format":"standard","meta":{"footnotes":""},"categories":[16,4],"tags":[],"class_list":["post-19787","post","type-post","status-publish","format-standard","has-post-thumbnail","hentry","category-comunicamos","category-noticias","xfolkentry"],"_links":{"self":[{"href":"https:\/\/www.ambienteyenergia.gob.ec\/ambiente\/wp-json\/wp\/v2\/posts\/19787","targetHints":{"allow":["GET"]}}],"collection":[{"href":"https:\/\/www.ambienteyenergia.gob.ec\/ambiente\/wp-json\/wp\/v2\/posts"}],"about":[{"href":"https:\/\/www.ambienteyenergia.gob.ec\/ambiente\/wp-json\/wp\/v2\/types\/post"}],"author":[{"embeddable":true,"href":"https:\/\/www.ambienteyenergia.gob.ec\/ambiente\/wp-json\/wp\/v2\/users\/13"}],"replies":[{"embeddable":true,"href":"https:\/\/www.ambienteyenergia.gob.ec\/ambiente\/wp-json\/wp\/v2\/comments?post=19787"}],"version-history":[{"count":0,"href":"https:\/\/www.ambienteyenergia.gob.ec\/ambiente\/wp-json\/wp\/v2\/posts\/19787\/revisions"}],"wp:featuredmedia":[{"embeddable":true,"href":"https:\/\/www.ambienteyenergia.gob.ec\/ambiente\/wp-json\/wp\/v2\/media\/19788"}],"wp:attachment":[{"href":"https:\/\/www.ambienteyenergia.gob.ec\/ambiente\/wp-json\/wp\/v2\/media?parent=19787"}],"wp:term":[{"taxonomy":"category","embeddable":true,"href":"https:\/\/www.ambienteyenergia.gob.ec\/ambiente\/wp-json\/wp\/v2\/categories?post=19787"},{"taxonomy":"post_tag","embeddable":true,"href":"https:\/\/www.ambienteyenergia.gob.ec\/ambiente\/wp-json\/wp\/v2\/tags?post=19787"}],"curies":[{"name":"wp","href":"https:\/\/api.w.org\/{rel}","templated":true}]}}