{"id":19780,"date":"2014-05-06T09:29:07","date_gmt":"2014-05-06T14:29:07","guid":{"rendered":"http:\/\/www.ambiente.gob.ec\/?p=19780"},"modified":"2014-05-06T09:29:07","modified_gmt":"2014-05-06T14:29:07","slug":"ecuador-participa-en-la-sesion-preparatoria-a-la-cumbre-de-cambio-climatico-abu-dhabi-ascent","status":"publish","type":"post","link":"https:\/\/www.ambienteyenergia.gob.ec\/ambiente\/ecuador-participa-en-la-sesion-preparatoria-a-la-cumbre-de-cambio-climatico-abu-dhabi-ascent\/","title":{"rendered":"Ecuador participa en la sesi\u00f3n preparatoria a la Cumbre de Cambio Clim\u00e1tico &#8211; Abu Dhabi Ascent"},"content":{"rendered":"<p style=\"text-align: justify;\">El Ministerio del Ambiente del Ecuador (MAE) particip\u00f3 en el \u00abAbu Dhabi Ascent\u00bb, una reuni\u00f3n de Alto Nivel Ministerial sobre Cambio Clim\u00e1tico, que tuvo lugar en Abu Dhabi del 4 al 5 de mayo. \u00c9sta es una sesi\u00f3n preparatoria para la Cumbre de Cambio Clim\u00e1tico que contar\u00e1 con la participaci\u00f3n de Jefes de Estado y de Gobierno, a realizarse el 23 de septiembre de este a\u00f1o en Nueva York.<\/p>\n<p style=\"text-align: justify;\">Dicha cumbre fue convocada por el Secretario General de Naciones Unidas, como parte del impulso que se busca dar desde dicha Secretar\u00eda a las negociaciones que se ejecutan para las pr\u00f3ximas Conferencias de las Partes de la Convenci\u00f3n Marco de Naciones Unidas sobre Cambio Clim\u00e1tico, en particular la COP-20 de Lima (diciembre de 2014) y la COP-21 de Par\u00eds (en el 2015), con miras a cumplir con el mandato de alcanzar un acuerdo global sobre cambio clim\u00e1tico para el 2015.<\/p>\n<p>Se espera que esta Reuni\u00f3n Ministerial sirva para realizar una primera identificaci\u00f3n de contribuciones para la implementaci\u00f3n de metas nacionales concretas de reducci\u00f3n de emisiones facilitadas o incentivadas, a trav\u00e9s del lanzamiento de alianzas internacionales ambiciosas a favor de la mitigaci\u00f3n y adaptaci\u00f3n al cambio clim\u00e1tico en sectores importantes como: eficiencia energ\u00e9tica, energ\u00eda renovable, contaminantes de vida corta, bosques, adaptaci\u00f3n, resiliencia y reducci\u00f3n de desastres, financiamiento clim\u00e1tico, entre otros; as\u00ed como tambi\u00e9n, lograr un escenario global para un encuentro de los Ministros con el sector privado y la sociedad civil.<\/p>\n","protected":false},"excerpt":{"rendered":"<p class=\"excerpt\">El Ministerio del Ambiente del Ecuador (MAE) particip\u00f3 en el \u00abAbu Dhabi Ascent\u00bb, una reuni\u00f3n de Alto Nivel Ministerial sobre Cambio Clim\u00e1tico, que tuvo lugar en Abu Dhabi del 4 al 5 de mayo. \u00c9sta es una sesi\u00f3n preparatoria para la Cumbre de Cambio Clim\u00e1tico que contar\u00e1 con la participaci\u00f3n de Jefes de Estado y de Gobierno, a realizarse el&hellip; <a href=\"https:\/\/www.ambienteyenergia.gob.ec\/ambiente\/ecuador-participa-en-la-sesion-preparatoria-a-la-cumbre-de-cambio-climatico-abu-dhabi-ascent\/\">Read more &rarr;<\/a><\/p>\n","protected":false},"author":13,"featured_media":19781,"comment_status":"open","ping_status":"open","sticky":false,"template":"","format":"standard","meta":{"footnotes":""},"categories":[16,4],"tags":[],"class_list":["post-19780","post","type-post","status-publish","format-standard","has-post-thumbnail","hentry","category-comunicamos","category-noticias","xfolkentry"],"_links":{"self":[{"href":"https:\/\/www.ambienteyenergia.gob.ec\/ambiente\/wp-json\/wp\/v2\/posts\/19780","targetHints":{"allow":["GET"]}}],"collection":[{"href":"https:\/\/www.ambienteyenergia.gob.ec\/ambiente\/wp-json\/wp\/v2\/posts"}],"about":[{"href":"https:\/\/www.ambienteyenergia.gob.ec\/ambiente\/wp-json\/wp\/v2\/types\/post"}],"author":[{"embeddable":true,"href":"https:\/\/www.ambienteyenergia.gob.ec\/ambiente\/wp-json\/wp\/v2\/users\/13"}],"replies":[{"embeddable":true,"href":"https:\/\/www.ambienteyenergia.gob.ec\/ambiente\/wp-json\/wp\/v2\/comments?post=19780"}],"version-history":[{"count":0,"href":"https:\/\/www.ambienteyenergia.gob.ec\/ambiente\/wp-json\/wp\/v2\/posts\/19780\/revisions"}],"wp:featuredmedia":[{"embeddable":true,"href":"https:\/\/www.ambienteyenergia.gob.ec\/ambiente\/wp-json\/wp\/v2\/media\/19781"}],"wp:attachment":[{"href":"https:\/\/www.ambienteyenergia.gob.ec\/ambiente\/wp-json\/wp\/v2\/media?parent=19780"}],"wp:term":[{"taxonomy":"category","embeddable":true,"href":"https:\/\/www.ambienteyenergia.gob.ec\/ambiente\/wp-json\/wp\/v2\/categories?post=19780"},{"taxonomy":"post_tag","embeddable":true,"href":"https:\/\/www.ambienteyenergia.gob.ec\/ambiente\/wp-json\/wp\/v2\/tags?post=19780"}],"curies":[{"name":"wp","href":"https:\/\/api.w.org\/{rel}","templated":true}]}}