{"id":19775,"date":"2014-05-06T09:00:22","date_gmt":"2014-05-06T14:00:22","guid":{"rendered":"http:\/\/www.ambiente.gob.ec\/?p=19775"},"modified":"2014-05-06T09:13:19","modified_gmt":"2014-05-06T14:13:19","slug":"mae-rescata-a-cusumbo-en-la-provincia-de-el-oro","status":"publish","type":"post","link":"https:\/\/www.ambienteyenergia.gob.ec\/ambiente\/mae-rescata-a-cusumbo-en-la-provincia-de-el-oro\/","title":{"rendered":"MAE rescat\u00f3 a cusumbo en la provincia de El Oro"},"content":{"rendered":"<p style=\"text-align: justify;\">El Ministerio del Ambiente del Ecuador (MAE), a trav\u00e9s de la Unidad de Vida Silvestre y con la ayuda de la poblaci\u00f3n, rescat\u00f3 a un cusumbo (Potos flavus), que se encontraba en la Ciudadela del Chofer No. 1, ubicada en la parroquia y cant\u00f3n Pasaje, provincia de El Oro. Esta acci\u00f3n es parte de los constantes operativos de control que ejecuta esta Cartera de Estado con el objetivo de evitar la comercializaci\u00f3n de especies silvestres.<\/p>\n<p style=\"text-align: justify;\">T\u00e9cnicos del MAE examinaron al animal y verificaron que su condici\u00f3n era favorable, por lo que se procedi\u00f3 a entregarlo al Zool\u00f3gico Arenillas, lugar que tiene las condiciones necesarias para su recuperaci\u00f3n y protecci\u00f3n.<\/p>\n<p style=\"text-align: justify;\">Adem\u00e1s de los m\u00faltiples controles, la Direcci\u00f3n Provincial del Ambiente de El Oro, realiza eventos de educaci\u00f3n ambiental, trabajo comunitario y actividades de vinculaci\u00f3n social con la finalidad de educar a la poblaci\u00f3n sobre la importancia de proteger la fauna silvestre y conservar los ecosistemas en los que habitan.<\/p>\n<p style=\"text-align: justify;\">El MAE, como principal autoridad ambiental del pa\u00eds, solicita a la poblaci\u00f3n que tenga animales de vida silvestre en cautiverio, los entregue de manera voluntaria o si conoce de alg\u00fan caso de tenencia ilegal de especies realice su denuncia en la Direcci\u00f3n Provincial del Ambiente de El Oro localizada en las calles, Vela entre 25 de Junio y Sucre (Ex-Edificio de Predesur) 5to piso o al tel\u00e9fono 2934596, extensi\u00f3n 15.<\/p>\n","protected":false},"excerpt":{"rendered":"<p class=\"excerpt\">El Ministerio del Ambiente del Ecuador (MAE), a trav\u00e9s de la Unidad de Vida Silvestre y con la ayuda de la poblaci\u00f3n, rescat\u00f3 a un cusumbo (Potos flavus), que se encontraba en la Ciudadela del Chofer No. 1, ubicada en la parroquia y cant\u00f3n Pasaje, provincia de El Oro. Esta acci\u00f3n es parte de los constantes operativos de control que&hellip; <a href=\"https:\/\/www.ambienteyenergia.gob.ec\/ambiente\/mae-rescata-a-cusumbo-en-la-provincia-de-el-oro\/\">Read more &rarr;<\/a><\/p>\n","protected":false},"author":13,"featured_media":19776,"comment_status":"open","ping_status":"open","sticky":false,"template":"","format":"standard","meta":{"footnotes":""},"categories":[16,4],"tags":[],"class_list":["post-19775","post","type-post","status-publish","format-standard","has-post-thumbnail","hentry","category-comunicamos","category-noticias","xfolkentry"],"_links":{"self":[{"href":"https:\/\/www.ambienteyenergia.gob.ec\/ambiente\/wp-json\/wp\/v2\/posts\/19775","targetHints":{"allow":["GET"]}}],"collection":[{"href":"https:\/\/www.ambienteyenergia.gob.ec\/ambiente\/wp-json\/wp\/v2\/posts"}],"about":[{"href":"https:\/\/www.ambienteyenergia.gob.ec\/ambiente\/wp-json\/wp\/v2\/types\/post"}],"author":[{"embeddable":true,"href":"https:\/\/www.ambienteyenergia.gob.ec\/ambiente\/wp-json\/wp\/v2\/users\/13"}],"replies":[{"embeddable":true,"href":"https:\/\/www.ambienteyenergia.gob.ec\/ambiente\/wp-json\/wp\/v2\/comments?post=19775"}],"version-history":[{"count":0,"href":"https:\/\/www.ambienteyenergia.gob.ec\/ambiente\/wp-json\/wp\/v2\/posts\/19775\/revisions"}],"wp:featuredmedia":[{"embeddable":true,"href":"https:\/\/www.ambienteyenergia.gob.ec\/ambiente\/wp-json\/wp\/v2\/media\/19776"}],"wp:attachment":[{"href":"https:\/\/www.ambienteyenergia.gob.ec\/ambiente\/wp-json\/wp\/v2\/media?parent=19775"}],"wp:term":[{"taxonomy":"category","embeddable":true,"href":"https:\/\/www.ambienteyenergia.gob.ec\/ambiente\/wp-json\/wp\/v2\/categories?post=19775"},{"taxonomy":"post_tag","embeddable":true,"href":"https:\/\/www.ambienteyenergia.gob.ec\/ambiente\/wp-json\/wp\/v2\/tags?post=19775"}],"curies":[{"name":"wp","href":"https:\/\/api.w.org\/{rel}","templated":true}]}}