{"id":19769,"date":"2014-05-05T17:05:38","date_gmt":"2014-05-05T22:05:38","guid":{"rendered":"http:\/\/www.ambiente.gob.ec\/?p=19769"},"modified":"2014-05-08T21:45:56","modified_gmt":"2014-05-09T02:45:56","slug":"mae-celebrara-el-dia-internacional-de-aves-migratorias-en-la-isla-santay","status":"publish","type":"post","link":"https:\/\/www.ambienteyenergia.gob.ec\/ambiente\/mae-celebrara-el-dia-internacional-de-aves-migratorias-en-la-isla-santay\/","title":{"rendered":"MAE celebrar\u00e1 el D\u00eda Internacional de Aves Migratorias en Isla Santay"},"content":{"rendered":"<p style=\"text-align: justify;\">El Ministerio del Ambiente del Ecuador (MAE), a trav\u00e9s de la Subsecretaria de Gesti\u00f3n Marina y Costera (SGMC), realizar\u00e1 el s\u00e1bado 10 de mayo, una charla informativa denominada \u201cDestino Rutas A\u00e9reas: Aves Migratorias y Turismo\u201d, en\u00a0 conmemoraci\u00f3n al <b><i>\u00b4D\u00eda Internacional de Aves Migratorias\u00b4<\/i>. <\/b>El evento se desarrollar\u00e1 en Isla Santay, a partir de las 9:00 hasta las 14:00, con el objetivo de concienciar a la sociedad sobre la necesidad de proteger los ecosistemas de las 1 800 aves migratorias presentes en el Ecuador, y a su vez, promover el desarrollo de las comunidades locales.<\/p>\n<p style=\"text-align: justify;\">A la capacitaci\u00f3n asistir\u00e1n funcionarios de la SGMC que activar\u00e1n la jornada con explicaciones acerca de promover redes ecol\u00f3gicas y la conservaci\u00f3n de la Isla como sitio Ramsar,\u00a0 adem\u00e1s, efectuar\u00e1n actividades l\u00fadicas e informativas que incentiven la conservaci\u00f3n ambiental. Asimismo, se llevar\u00e1n a cabo varios recorridos por los senderos naturales de Isla Santay, promoviendo de esta manera el turismo sostenible a lo largo de las rutas migratorias de las aves.<\/p>\n<p style=\"text-align: justify;\">De la misma forma, se enfatizar\u00e1 sobre el peligro cr\u00edtico de extinci\u00f3n que enfrenta el 15 % de estas especies migratorias (Garcita Buyera,\u00a0 Garceta Azul, Garceta Tricolor, Garza Nocturna, Gallinazo Cabecirojo, \u00c1guila Pescadora, Halc\u00f3n Peregrino, Playero Goleadora, Playero SemiPalmeado, Zarapito Trinador, Cholo Semipalmado,<em> Gaviota Reidora y Gaviota de Franklin<\/em>) por diversos factores entre ellos, el cambio clim\u00e1tico.<\/p>\n<p style=\"text-align: justify;\">Cabe indicar que esta celebraci\u00f3n mundial es convocada anualmente desde el 2006 por el programa de las Naciones Unidas para el Medio Ambiente (PNUMA), BirdLife, Wetlands International y la Convenci\u00f3n Ramsar, entre otras.<\/p>\n<p style=\"text-align: justify;\">El lugar de encuentro ser\u00e1 en el Yatch Club Naval del Malec\u00f3n Sim\u00f3n Bol\u00edvar. El recorrido por la isla tendr\u00e1 un costo de 4 a 8 d\u00f3lares aproximadamente, incluido el almuerzo, tarifario colocado por la Cooperativa Palmeras de Santay<b>.<\/b><\/p>\n<p><b>Lugar<\/b>: Isla Santay, salida del Yatch Club Naval del Malec\u00f3n Sim\u00f3n Bol\u00edvar.<br \/>\n<b>Fecha:<\/b> S\u00e1bado, 10 de mayo del 2014.<br \/>\n<b>Hora:<\/b> 9:00 \u2013 14:00<\/p>\n<p style=\"text-align: justify;\"><a href=\"http:\/\/www.ambienteyenergia.gob.ec\/ambiente\/wp-content\/uploads\/2014\/05\/aewa_poster2014_es-copia.jpg\"><img loading=\"lazy\" decoding=\"async\" class=\"aligncenter size-large wp-image-19771\" alt=\"aewa\" src=\"http:\/\/www.ambienteyenergia.gob.ec\/ambiente\/wp-content\/uploads\/2014\/05\/aewa_poster2014_es-copia-723x1024.jpg\" width=\"584\" height=\"827\" srcset=\"https:\/\/www.ambienteyenergia.gob.ec\/ambiente\/wp-content\/uploads\/sites\/2\/2014\/05\/aewa_poster2014_es-copia-723x1024.jpg 723w, https:\/\/www.ambienteyenergia.gob.ec\/ambiente\/wp-content\/uploads\/sites\/2\/2014\/05\/aewa_poster2014_es-copia-212x300.jpg 212w, https:\/\/www.ambienteyenergia.gob.ec\/ambiente\/wp-content\/uploads\/sites\/2\/2014\/05\/aewa_poster2014_es-copia.jpg 1684w\" sizes=\"auto, (max-width: 584px) 100vw, 584px\" \/><\/a><\/p>\n","protected":false},"excerpt":{"rendered":"<p class=\"excerpt\">El Ministerio del Ambiente del Ecuador (MAE), a trav\u00e9s de la Subsecretaria de Gesti\u00f3n Marina y Costera (SGMC), realizar\u00e1 el s\u00e1bado 10 de mayo, una charla informativa denominada \u201cDestino Rutas A\u00e9reas: Aves Migratorias y Turismo\u201d, en\u00a0 conmemoraci\u00f3n al \u00b4D\u00eda Internacional de Aves Migratorias\u00b4. El evento se desarrollar\u00e1 en Isla Santay, a partir de las 9:00 hasta las 14:00, con el&hellip; <a href=\"https:\/\/www.ambienteyenergia.gob.ec\/ambiente\/mae-celebrara-el-dia-internacional-de-aves-migratorias-en-la-isla-santay\/\">Read more &rarr;<\/a><\/p>\n","protected":false},"author":13,"featured_media":19770,"comment_status":"open","ping_status":"open","sticky":false,"template":"","format":"standard","meta":{"footnotes":""},"categories":[16,4],"tags":[],"class_list":["post-19769","post","type-post","status-publish","format-standard","has-post-thumbnail","hentry","category-comunicamos","category-noticias","xfolkentry"],"_links":{"self":[{"href":"https:\/\/www.ambienteyenergia.gob.ec\/ambiente\/wp-json\/wp\/v2\/posts\/19769","targetHints":{"allow":["GET"]}}],"collection":[{"href":"https:\/\/www.ambienteyenergia.gob.ec\/ambiente\/wp-json\/wp\/v2\/posts"}],"about":[{"href":"https:\/\/www.ambienteyenergia.gob.ec\/ambiente\/wp-json\/wp\/v2\/types\/post"}],"author":[{"embeddable":true,"href":"https:\/\/www.ambienteyenergia.gob.ec\/ambiente\/wp-json\/wp\/v2\/users\/13"}],"replies":[{"embeddable":true,"href":"https:\/\/www.ambienteyenergia.gob.ec\/ambiente\/wp-json\/wp\/v2\/comments?post=19769"}],"version-history":[{"count":0,"href":"https:\/\/www.ambienteyenergia.gob.ec\/ambiente\/wp-json\/wp\/v2\/posts\/19769\/revisions"}],"wp:featuredmedia":[{"embeddable":true,"href":"https:\/\/www.ambienteyenergia.gob.ec\/ambiente\/wp-json\/wp\/v2\/media\/19770"}],"wp:attachment":[{"href":"https:\/\/www.ambienteyenergia.gob.ec\/ambiente\/wp-json\/wp\/v2\/media?parent=19769"}],"wp:term":[{"taxonomy":"category","embeddable":true,"href":"https:\/\/www.ambienteyenergia.gob.ec\/ambiente\/wp-json\/wp\/v2\/categories?post=19769"},{"taxonomy":"post_tag","embeddable":true,"href":"https:\/\/www.ambienteyenergia.gob.ec\/ambiente\/wp-json\/wp\/v2\/tags?post=19769"}],"curies":[{"name":"wp","href":"https:\/\/api.w.org\/{rel}","templated":true}]}}