{"id":19766,"date":"2014-05-05T17:01:46","date_gmt":"2014-05-05T22:01:46","guid":{"rendered":"http:\/\/www.ambiente.gob.ec\/?p=19766"},"modified":"2014-05-05T17:01:46","modified_gmt":"2014-05-05T22:01:46","slug":"mae-expide-normas-para-desertificacion-degradacion-de-tierras-y-sequia","status":"publish","type":"post","link":"https:\/\/www.ambienteyenergia.gob.ec\/ambiente\/mae-expide-normas-para-desertificacion-degradacion-de-tierras-y-sequia\/","title":{"rendered":"MAE expide normas para desertificaci\u00f3n, degradaci\u00f3n de tierras y sequ\u00eda"},"content":{"rendered":"<p style=\"text-align: justify;\">Despu\u00e9s de varias jornadas de di\u00e1logo en las principales provincias afectadas por la sequ\u00eda (Loja, Chimborazo y Manab\u00ed), el Ministerio del Ambiente a trav\u00e9s de la Direcci\u00f3n Nacional de Adaptaci\u00f3n de la Subsecretar\u00eda de Cambio Clim\u00e1tico, consider\u00f3 necesario establecer regulaciones y normativas relacionadas con la Autoridad Ambiental Nacional para la Desertificaci\u00f3n, Degradaci\u00f3n de Tierras y Sequ\u00eda (DDTS), con el prop\u00f3sito de desarrollar actividades de gesti\u00f3n y coordinaci\u00f3n de acciones a nivel nacional, subnacional y sectorial, en\u00a0 estos temas, as\u00ed como de normas constitucionales, legales y reglamentarias en esa materia.<\/p>\n<p style=\"text-align: justify;\">\nA m\u00e1s de cumplir con los compromisos internacionales generados desde la Convenci\u00f3n de las Naciones Unidas de Lucha contra la Desertificaci\u00f3n (CNULD), la consideraci\u00f3n de\u00a0 hechos alarmantes, como\u00a0 que el 47% del territorio ecuatoriano presenta problemas de degradaci\u00f3n de la tierra (Morales et. al, 2010) causada por diferentes tipos de erosi\u00f3n (h\u00eddrica, e\u00f3lica, glaciar), el pastoreo excesivo, la p\u00e9rdida de suelo f\u00e9rtil, contaminaci\u00f3n y p\u00e9rdida de la cubierta vegetal, dando como resultado la disminuci\u00f3n de las capacidades bio-productivas y las condiciones de vida de las personas que habitan en las zonas susceptibles y degradadas (Mecanismo Mundial, 2011); adem\u00e1s de que la degradaci\u00f3n de las tierras produce p\u00e9rdidas de Valor Bruto de Producci\u00f3n (VBP) que\u00a0 ascienden aproximadamente al 7.6% del VBP agr\u00edcola siendo las provincias m\u00e1s afectadas Manab\u00ed, Loja, y Chimborazo; impulsaron al Ministerio del Ambiente a la expedici\u00f3n\u00a0 del Acuerdo Ministerial N\u00b0 045, suscrito el 01 de abril de 2014 que contiene las \u201cNormas de la Autoridad Ambiental Nacional de Desertificaci\u00f3n, Degradaci\u00f3n de Tierras y Sequ\u00eda\u201d.<\/p>\n<p style=\"text-align: justify;\">\n<strong>\u2028Acciones del MAE<\/strong><br \/>\nEntre las acciones para combatir la Desertificaci\u00f3n, Degradaci\u00f3n de la Tierra y Sequ\u00eda (DDTS), se pueden destacar:<\/p>\n<ul style=\"text-align: justify;\">\n<li>Conformaci\u00f3n del Grupo Nacional de Trabajo (DDTS), constituido por funcionarios de las Direcciones Provinciales del MAE.<\/li>\n<\/ul>\n<ul style=\"text-align: justify;\">\n<li>Suscripci\u00f3n de Convenios de Cooperaci\u00f3n Interinstitucional\u00a0 con\u00a0 universidades del\u00a0\u00a0 Reporte de los Informes Nacionales de Desertificaci\u00f3n.<\/li>\n<\/ul>\n<ul>\n<li>Actualizaci\u00f3n y alineaci\u00f3n del Plan de Acci\u00f3n Nacional de Desertificaci\u00f3n (PAND).<\/li>\n<\/ul>\n<ul>\n<li>Publicaci\u00f3n de Gu\u00edas T\u00e9cnicas y Cient\u00edficas.<\/li>\n<\/ul>\n<ul style=\"text-align: justify;\">\n<li>Ejecuci\u00f3n del Proyecto de Inversi\u00f3n \u201cGesti\u00f3n Integrada para la Lucha contra la Desertificaci\u00f3n, Degradaci\u00f3n de la Tierra y Adaptaci\u00f3n al Cambio Clim\u00e1tico\u00bb (GIDDACC).<\/li>\n<\/ul>\n<ul style=\"text-align: justify;\">\n<li>Ejecuci\u00f3n del Proyecto \u201cEvaluaci\u00f3n y Monitoreo de la Degradaci\u00f3n\u00a0 del territorio para un Manejo Sostenible de la Tierra, apoyo en la toma de decisiones y ampliaci\u00f3n de buenas pr\u00e1cticas (proyecto Global LADA WOCAT II)\u201d.<\/li>\n<\/ul>\n<ul style=\"text-align: justify;\">\n<li>\u00a0Ejecuci\u00f3n del Proyecto \u201cPromoci\u00f3n del manejo de ganader\u00eda sostenible, integrando la reversi\u00f3n de degradaci\u00f3n de tierras y reducci\u00f3n del riesgo de desertificaci\u00f3n en provincias vulnerables, conjuntamente con el MAGAP y FAO.<\/li>\n<\/ul>\n<p style=\"text-align: justify;\">\n","protected":false},"excerpt":{"rendered":"<p class=\"excerpt\">Despu\u00e9s de varias jornadas de di\u00e1logo en las principales provincias afectadas por la sequ\u00eda (Loja, Chimborazo y Manab\u00ed), el Ministerio del Ambiente a trav\u00e9s de la Direcci\u00f3n Nacional de Adaptaci\u00f3n de la Subsecretar\u00eda de Cambio Clim\u00e1tico, consider\u00f3 necesario establecer regulaciones y normativas relacionadas con la Autoridad Ambiental Nacional para la Desertificaci\u00f3n, Degradaci\u00f3n de Tierras y Sequ\u00eda (DDTS), con el prop\u00f3sito&hellip; <a href=\"https:\/\/www.ambienteyenergia.gob.ec\/ambiente\/mae-expide-normas-para-desertificacion-degradacion-de-tierras-y-sequia\/\">Read more &rarr;<\/a><\/p>\n","protected":false},"author":13,"featured_media":19767,"comment_status":"open","ping_status":"open","sticky":false,"template":"","format":"standard","meta":{"footnotes":""},"categories":[16,4],"tags":[],"class_list":["post-19766","post","type-post","status-publish","format-standard","has-post-thumbnail","hentry","category-comunicamos","category-noticias","xfolkentry"],"_links":{"self":[{"href":"https:\/\/www.ambienteyenergia.gob.ec\/ambiente\/wp-json\/wp\/v2\/posts\/19766","targetHints":{"allow":["GET"]}}],"collection":[{"href":"https:\/\/www.ambienteyenergia.gob.ec\/ambiente\/wp-json\/wp\/v2\/posts"}],"about":[{"href":"https:\/\/www.ambienteyenergia.gob.ec\/ambiente\/wp-json\/wp\/v2\/types\/post"}],"author":[{"embeddable":true,"href":"https:\/\/www.ambienteyenergia.gob.ec\/ambiente\/wp-json\/wp\/v2\/users\/13"}],"replies":[{"embeddable":true,"href":"https:\/\/www.ambienteyenergia.gob.ec\/ambiente\/wp-json\/wp\/v2\/comments?post=19766"}],"version-history":[{"count":0,"href":"https:\/\/www.ambienteyenergia.gob.ec\/ambiente\/wp-json\/wp\/v2\/posts\/19766\/revisions"}],"wp:featuredmedia":[{"embeddable":true,"href":"https:\/\/www.ambienteyenergia.gob.ec\/ambiente\/wp-json\/wp\/v2\/media\/19767"}],"wp:attachment":[{"href":"https:\/\/www.ambienteyenergia.gob.ec\/ambiente\/wp-json\/wp\/v2\/media?parent=19766"}],"wp:term":[{"taxonomy":"category","embeddable":true,"href":"https:\/\/www.ambienteyenergia.gob.ec\/ambiente\/wp-json\/wp\/v2\/categories?post=19766"},{"taxonomy":"post_tag","embeddable":true,"href":"https:\/\/www.ambienteyenergia.gob.ec\/ambiente\/wp-json\/wp\/v2\/tags?post=19766"}],"curies":[{"name":"wp","href":"https:\/\/api.w.org\/{rel}","templated":true}]}}