{"id":19763,"date":"2014-05-05T16:51:25","date_gmt":"2014-05-05T21:51:25","guid":{"rendered":"http:\/\/www.ambiente.gob.ec\/?p=19763"},"modified":"2014-05-05T16:51:25","modified_gmt":"2014-05-05T21:51:25","slug":"el-proyecto-foreccsa-avanza-en-firme-a-la-implementacion-de-medidas-de-adaptacion-al-cambio-climatico","status":"publish","type":"post","link":"https:\/\/www.ambienteyenergia.gob.ec\/ambiente\/el-proyecto-foreccsa-avanza-en-firme-a-la-implementacion-de-medidas-de-adaptacion-al-cambio-climatico\/","title":{"rendered":"El proyecto FORECCSA avanza en firme a la implementaci\u00f3n de medidas de adaptaci\u00f3n al cambio clim\u00e1tico"},"content":{"rendered":"<p style=\"text-align: justify;\">El Ministerio del Ambiente (MAE) y el Programa Mundial de Alimentos (PMA), se aprestan a iniciar la implementaci\u00f3n de medidas en el marco del Proyecto Fortalecimiento de la Resiliencia de las Comunidades ante los efectos adversos del Cambio Clim\u00e1tico con \u00e9nfasis en Seguridad Alimentaria (FORECCSA), en parroquias prioritarias de la cuenca del Jubones, para ello se realiz\u00f3 la primera transferencia de fondos por parte del PMA.<\/p>\n<p>Dichos recursos se invertir\u00e1n en fase inicial de la implementaci\u00f3n de las medidas de Adaptaci\u00f3n al Cambio Clim\u00e1tico.<br \/>\nPara el efecto, luego de suscritos los convenios habilitantes, y producto de un interesante trabajo de consenso interinstitucional, se ha realizado la primera transferencia de recursos al Consorcio P\u00fablico de Gobiernos Aut\u00f3nomos de la Cuenca del R\u00edo Jubones (CCRJ), como socio ejecutor del proyecto para la zona. Una acci\u00f3n similar se prev\u00e9 para los siguientes d\u00edas en la zona de Pichincha (cantones Pedro Moncayo y Cayambe) donde el socio ejecutor es el Gobierno Aut\u00f3nomo Descentralizado de la Provincia de Pichincha (GADPP).<br \/>\nEl Proyecto se implementa con financiamiento del Fondo de Adaptaci\u00f3n del Protocolo de Kioto, siendo 39 parroquias en la cuenca del r\u00edo Jubones y parroquias de la provincia de Pichincha, con alrededor de 15.000 familias asentadas en las comunidades las beneficiadas.<\/p>\n<p>Adem\u00e1s de trabajar con ecosistemas de mayor vulnerabilidad a los efectos adversos del cambio clim\u00e1tico con \u00e9nfasis en seguridad alimentaria y consideraciones de g\u00e9nero.<\/p>\n","protected":false},"excerpt":{"rendered":"<p class=\"excerpt\">El Ministerio del Ambiente (MAE) y el Programa Mundial de Alimentos (PMA), se aprestan a iniciar la implementaci\u00f3n de medidas en el marco del Proyecto Fortalecimiento de la Resiliencia de las Comunidades ante los efectos adversos del Cambio Clim\u00e1tico con \u00e9nfasis en Seguridad Alimentaria (FORECCSA), en parroquias prioritarias de la cuenca del Jubones, para ello se realiz\u00f3 la primera transferencia&hellip; <a href=\"https:\/\/www.ambienteyenergia.gob.ec\/ambiente\/el-proyecto-foreccsa-avanza-en-firme-a-la-implementacion-de-medidas-de-adaptacion-al-cambio-climatico\/\">Read more &rarr;<\/a><\/p>\n","protected":false},"author":13,"featured_media":19764,"comment_status":"open","ping_status":"open","sticky":false,"template":"","format":"standard","meta":{"footnotes":""},"categories":[16,4],"tags":[],"class_list":["post-19763","post","type-post","status-publish","format-standard","has-post-thumbnail","hentry","category-comunicamos","category-noticias","xfolkentry"],"_links":{"self":[{"href":"https:\/\/www.ambienteyenergia.gob.ec\/ambiente\/wp-json\/wp\/v2\/posts\/19763","targetHints":{"allow":["GET"]}}],"collection":[{"href":"https:\/\/www.ambienteyenergia.gob.ec\/ambiente\/wp-json\/wp\/v2\/posts"}],"about":[{"href":"https:\/\/www.ambienteyenergia.gob.ec\/ambiente\/wp-json\/wp\/v2\/types\/post"}],"author":[{"embeddable":true,"href":"https:\/\/www.ambienteyenergia.gob.ec\/ambiente\/wp-json\/wp\/v2\/users\/13"}],"replies":[{"embeddable":true,"href":"https:\/\/www.ambienteyenergia.gob.ec\/ambiente\/wp-json\/wp\/v2\/comments?post=19763"}],"version-history":[{"count":0,"href":"https:\/\/www.ambienteyenergia.gob.ec\/ambiente\/wp-json\/wp\/v2\/posts\/19763\/revisions"}],"wp:featuredmedia":[{"embeddable":true,"href":"https:\/\/www.ambienteyenergia.gob.ec\/ambiente\/wp-json\/wp\/v2\/media\/19764"}],"wp:attachment":[{"href":"https:\/\/www.ambienteyenergia.gob.ec\/ambiente\/wp-json\/wp\/v2\/media?parent=19763"}],"wp:term":[{"taxonomy":"category","embeddable":true,"href":"https:\/\/www.ambienteyenergia.gob.ec\/ambiente\/wp-json\/wp\/v2\/categories?post=19763"},{"taxonomy":"post_tag","embeddable":true,"href":"https:\/\/www.ambienteyenergia.gob.ec\/ambiente\/wp-json\/wp\/v2\/tags?post=19763"}],"curies":[{"name":"wp","href":"https:\/\/api.w.org\/{rel}","templated":true}]}}