{"id":19761,"date":"2014-05-05T15:03:09","date_gmt":"2014-05-05T20:03:09","guid":{"rendered":"http:\/\/www.ambiente.gob.ec\/?p=19761"},"modified":"2014-06-06T11:46:14","modified_gmt":"2014-06-06T16:46:14","slug":"ministerio-del-ambiente-controlara-proceso-de-dragado-en-estero-jeli-en-el-oro","status":"publish","type":"post","link":"https:\/\/www.ambienteyenergia.gob.ec\/ambiente\/ministerio-del-ambiente-controlara-proceso-de-dragado-en-estero-jeli-en-el-oro\/","title":{"rendered":"Ministerio del Ambiente controlar\u00e1 proceso de  dragado en Estero Jel\u00ed en El Oro"},"content":{"rendered":"<p style=\"text-align: justify;\">El Ministerio del Ambiente, al conocer la importancia que tiene el dragado del Estero Jel\u00ed para las actividades productivas que se desarrollan en este sector de la provincia de El Oro, supervisa el trabajo realizado por el Gobierno Provincial, de acuerdo a sus competencias.<\/p>\n<p style=\"text-align: justify;\">Desde agosto del a\u00f1o 2011, fecha en que se iniciaron las gestiones pertinentes del proceso de regulaci\u00f3n ambiental de este proyecto, esta Cartera de Estado, a trav\u00e9s de reuniones realizadas en Quito y Machala, realiz\u00f3 un levantamiento de sugerencias de los actores involucrados en este tema, en especial, la C\u00e1mara Nacional de Acuacultura, Asociaciones de Productores Camaroneros de El Oro y representantes de la comunidad del sector.<\/p>\n<p style=\"text-align: justify;\">Es importante destacar que este proceso fortaleci\u00f3 los par\u00e1metros de aprobaci\u00f3n del Estudio de Impacto Ambiental de dicho Proyecto, dando como resultado un estudio reforzado desde su l\u00ednea base, hasta su Plan de Manejo Ambiental, lo cual ha permitido la obtenci\u00f3n de la Licencia Ambiental donde se especifican obligaciones que tendr\u00e1 que cumplir el proponente, antes, durante y despu\u00e9s del proyecto de Dragado. El Ministerio har\u00e1 un seguimiento pormenorizado para que este Plan de Manejo se cumpla seg\u00fan lo establece la normativa ambiental vigente.<\/p>\n<p style=\"text-align: justify;\">Es importante destacar que el Ministerio del Ambiente, a trav\u00e9s de su Direcci\u00f3n Provincial, \u00a0liderar\u00e1 cualquier coordinaci\u00f3n entre entidades p\u00fablicas y privadas que permitan realizar una veedur\u00eda continua al proceso del Dragado del Estero Jel\u00ed, en El Oro.<\/p>\n","protected":false},"excerpt":{"rendered":"<p class=\"excerpt\">El Ministerio del Ambiente, al conocer la importancia que tiene el dragado del Estero Jel\u00ed para las actividades productivas que se desarrollan en este sector de la provincia de El Oro, supervisa el trabajo realizado por el Gobierno Provincial, de acuerdo a sus competencias. Desde agosto del a\u00f1o 2011, fecha en que se iniciaron las gestiones pertinentes del proceso de&hellip; <a href=\"https:\/\/www.ambienteyenergia.gob.ec\/ambiente\/ministerio-del-ambiente-controlara-proceso-de-dragado-en-estero-jeli-en-el-oro\/\">Read more &rarr;<\/a><\/p>\n","protected":false},"author":13,"featured_media":19452,"comment_status":"open","ping_status":"open","sticky":false,"template":"","format":"standard","meta":{"footnotes":""},"categories":[16,4],"tags":[],"class_list":["post-19761","post","type-post","status-publish","format-standard","has-post-thumbnail","hentry","category-comunicamos","category-noticias","xfolkentry"],"_links":{"self":[{"href":"https:\/\/www.ambienteyenergia.gob.ec\/ambiente\/wp-json\/wp\/v2\/posts\/19761","targetHints":{"allow":["GET"]}}],"collection":[{"href":"https:\/\/www.ambienteyenergia.gob.ec\/ambiente\/wp-json\/wp\/v2\/posts"}],"about":[{"href":"https:\/\/www.ambienteyenergia.gob.ec\/ambiente\/wp-json\/wp\/v2\/types\/post"}],"author":[{"embeddable":true,"href":"https:\/\/www.ambienteyenergia.gob.ec\/ambiente\/wp-json\/wp\/v2\/users\/13"}],"replies":[{"embeddable":true,"href":"https:\/\/www.ambienteyenergia.gob.ec\/ambiente\/wp-json\/wp\/v2\/comments?post=19761"}],"version-history":[{"count":0,"href":"https:\/\/www.ambienteyenergia.gob.ec\/ambiente\/wp-json\/wp\/v2\/posts\/19761\/revisions"}],"wp:featuredmedia":[{"embeddable":true,"href":"https:\/\/www.ambienteyenergia.gob.ec\/ambiente\/wp-json\/wp\/v2\/media\/19452"}],"wp:attachment":[{"href":"https:\/\/www.ambienteyenergia.gob.ec\/ambiente\/wp-json\/wp\/v2\/media?parent=19761"}],"wp:term":[{"taxonomy":"category","embeddable":true,"href":"https:\/\/www.ambienteyenergia.gob.ec\/ambiente\/wp-json\/wp\/v2\/categories?post=19761"},{"taxonomy":"post_tag","embeddable":true,"href":"https:\/\/www.ambienteyenergia.gob.ec\/ambiente\/wp-json\/wp\/v2\/tags?post=19761"}],"curies":[{"name":"wp","href":"https:\/\/api.w.org\/{rel}","templated":true}]}}